[{"id":8648,"date":"2026-09-04T16:47:11","date_gmt":"2026-09-04T21:47:11","guid":{"rendered":"https:\/\/firstteecanada.ca\/?p=8648"},"modified":"2026-09-04T16:48:37","modified_gmt":"2026-09-04T21:48:37","slug":"nick-et-andie-taylor-franchissent-le-cap-des-100-000-en-soutien-a-first-tee-premier-depart-canada","status":"publish","type":"post","link":"https:\/\/firstteecanada.ca\/fr\/nick-et-andie-taylor-franchissent-le-cap-des-100-000-en-soutien-a-first-tee-premier-depart-canada\/","title":{"rendered":"Nick et Andie Taylor franchissent le cap des 100 000 $ en soutien \u00e0 First Tee \u2013 Premier d\u00e9part Canada"},"content":{"rendered":"\n<figure class=\"wp-block-image size-large\"><img loading=\"lazy\" decoding=\"async\" width=\"1024\" height=\"685\" src=\"https:\/\/firstteecanada.ca\/wp-content\/uploads\/sites\/191\/2026\/09\/DSC_0369-1024x685.jpeg\" alt=\"\" class=\"wp-image-8646\" srcset=\"https:\/\/firstteecanada.ca\/wp-content\/uploads\/sites\/191\/2026\/09\/DSC_0369-1024x685.jpeg 1024w, https:\/\/firstteecanada.ca\/wp-content\/uploads\/sites\/191\/2026\/09\/DSC_0369-300x201.jpeg 300w, https:\/\/firstteecanada.ca\/wp-content\/uploads\/sites\/191\/2026\/09\/DSC_0369-768x514.jpeg 768w, https:\/\/firstteecanada.ca\/wp-content\/uploads\/sites\/191\/2026\/09\/DSC_0369-1536x1028.jpeg 1536w, https:\/\/firstteecanada.ca\/wp-content\/uploads\/sites\/191\/2026\/09\/DSC_0369-2048x1371.jpeg 2048w, https:\/\/firstteecanada.ca\/wp-content\/uploads\/sites\/191\/2026\/09\/DSC_0369-140x94.jpeg 140w\" sizes=\"auto, (max-width: 1024px) 100vw, 1024px\" \/><\/figure>\n\n\n\n<p class=\"wp-block-paragraph\"><strong>CHILLIWACK, C.-B.<\/strong>&nbsp;\u2014 Nick et Andie Taylor c\u00e9l\u00e8brent une \u00e9tape importante de leur soutien continu \u00e0 First Tee \u2013 Premier d\u00e9part Canada.<\/p>\n\n\n\n<p class=\"wp-block-paragraph\">Depuis qu\u2019ils ont d\u00e9sign\u00e9 First Tee \u2013 British Columbia comme organisme b\u00e9n\u00e9ficiaire du tournoi caritatif Nick Taylor Charity Classic en 2024, les Taylor ont amass\u00e9 104 589 $ pour la section provinciale, contribuant ainsi \u00e0 l\u2019expansion des programmes First Tee \u2013 Premier d\u00e9part en Colombie-Britannique et dans les collectivit\u00e9s avoisinantes d\u2019Abbotsford, la ville natale de Nick.<\/p>\n\n\n\n<p class=\"wp-block-paragraph\">\u00ab First Tee \u2013 Premier d\u00e9part Canada est extr\u00eamement reconnaissant envers Nick, Andie et toute la famille Taylor pour leur engagement \u00e0 cr\u00e9er davantage de possibilit\u00e9s pour les jeunes de d\u00e9couvrir le golf, a d\u00e9clar\u00e9 Sean Reczulski, directeur principal du d\u00e9veloppement chez First Tee \u2013 Premier d\u00e9part Canada \u00e0 Golf Canada. Leur g\u00e9n\u00e9rosit\u00e9, par l\u2019entremise du Nick Taylor Charity Classic, a un impact concret en Colombie-Britannique, en nous aidant \u00e0 offrir des programmes accessibles et accueillants \u00e0 un plus grand nombre de jeunes dans les collectivit\u00e9s que Nick conna\u00eet et affectionne. D\u00e9passer le cap des 100 000 $ en dons est une r\u00e9alisation remarquable, et nous sommes fiers de la c\u00e9l\u00e9brer aux c\u00f4t\u00e9s de la famille Taylor. \u00bb<\/p>\n\n\n\n<p class=\"wp-block-paragraph\">Cette \u00e9tape marquante survient alors que le Nick Taylor Charity Classic c\u00e9l\u00e8bre son 10e anniversaire. Fond\u00e9 en 2017, cet \u00e9v\u00e9nement annuel r\u00e9unit des leaderscommunautaires, des entreprises et des passionn\u00e9s de sport afin de soutenir le sport jeunesse et l\u2019\u00e9ducation dans la vall\u00e9e du Fraser et au-del\u00e0.<\/p>\n\n\n\n<p class=\"wp-block-paragraph\">La 10e \u00e9dition du tournoi se d\u00e9roule le jeudi 3 septembre au Club de golf Cultus Lake. First Tee \u2013 British Columbia est l\u2019un des cinq organismes b\u00e9n\u00e9ficiaires, aux c\u00f4t\u00e9s d\u2019Archway Community Services, de l\u2019Universit\u00e9 de la vall\u00e9e du Fraser, de Chilliwack Community Services et de Bon d\u00e9part de Canadian Tire.<\/p>\n\n\n\n<p class=\"wp-block-paragraph\">L\u2019appui des Taylor \u00e0 First Tee \u2013 Premier d\u00e9part va bien au-del\u00e0 du tournoi caritatif.<\/p>\n\n\n\n<p class=\"wp-block-paragraph\">Nick est devenu ambassadeur de First Tee \u2013 Premier d\u00e9part Canada en 2025, ajoutant le logo du programme \u00e0 son sac de golf et contribuant \u00e0 faire conna\u00eetre sa mission visant \u00e0 rendre le golf plus accessible aux jeunes partout au pays.<\/p>\n\n\n\n<p class=\"wp-block-paragraph\">\u00c0 titre d\u2019ambassadeur adidas, Taylor a \u00e9galement soutenu les programmes de First Tee \u2013 Premier d\u00e9part lors de l\u2019Omnium canadien RBC 2026, en participant \u00e0 un atelier First Tee \u2013 Premier d\u00e9part pr\u00e9sent\u00e9 par adidas et en \u00e9changeant avec des jeunes par l\u2019entremise du golf. De plus, adidas a renforc\u00e9 son soutien \u00e0 First Tee \u2013 Premier d\u00e9part Canada gr\u00e2ce \u00e0 son initiative\u00a0<em>Oiselets pour tracer le parcours<\/em>, en s\u2019engageant \u00e0 verser 300 $ pour chaque oiselet ou mieux r\u00e9alis\u00e9 par Taylor au cours de la saison 2026 du circuit PGA TOUR.<\/p>\n\n\n\n<p class=\"wp-block-paragraph\">\u00c0 titre de membre de l\u2019\u00c9quipe RBC, Taylor a aussi contribu\u00e9 \u00e0 sensibiliser le public et \u00e0 recueillir des fonds pour First Tee \u2013 Premier d\u00e9part Canada gr\u00e2ce \u00e0 l\u2019activation du roul\u00e9 de 72 pieds de Golf junior communautaire RBC \u00e0 l\u2019Omnium canadien RBC. Inspir\u00e9e par son historique roul\u00e9 de 72 pieds, qui lui a permis de remporter l\u2019Omnium canadien RBC 2023, cette activit\u00e9 lui a donn\u00e9 l\u2019occasion d\u2019interagir avec les jeunes et de leur montrer comment relever ce m\u00eame d\u00e9fi.<\/p>\n\n\n\n<p class=\"wp-block-paragraph\">Gr\u00e2ce au soutien de la famille Taylor, davantage de jeunes ont eu l\u2019opportunit\u00e9 de d\u00e9couvrir le golf et d\u2019acqu\u00e9rir des comp\u00e9tences qui d\u00e9passent le cadre du terrain.<\/p>\n\n\n\n<p class=\"wp-block-paragraph\">\u00ab Je suis tr\u00e8s fier d\u2019\u00eatre ambassadeur de First Tee \u2013 Premier d\u00e9part Canada et de soutenir la croissance continue du golf communautaire dans notre pays, a d\u00e9clar\u00e9 Nick. Andie et moi sommes profond\u00e9ment touch\u00e9s par l\u2019appui g\u00e9n\u00e9reux de tant de personnes de notre communaut\u00e9 au cours des dix derni\u00e8res ann\u00e9es, et nous sommes heureux de partager et de c\u00e9l\u00e9brer cette \u00e9tape importante de notre collecte de fonds avec tous ceux et celles qui nous ont soutenus. \u00bb<\/p>\n\n\n\n<p class=\"wp-block-paragraph\">Pour First Tee \u2013 British Columbia, les 104 589 $ recueillis par les Taylor repr\u00e9sentent bien plus qu\u2019un jalon financier. Il s\u2019agit d\u2019un investissement dans la croissance continue des programmes au sein des collectivit\u00e9s o\u00f9 Nick a grandi et o\u00f9 son lien avec le golf a pris naissance.<\/p>\n\n\n\n<p class=\"wp-block-paragraph\">Les inscriptions au Nick Taylor Charity Classic 2026 affichent complet. Il est toutefois possible de faire un don par l\u2019entremise du&nbsp;<a href=\"https:\/\/www.nicktaylorcharityclassic.com\/\" target=\"_blank\" rel=\"noreferrer noopener\">site Web de l\u2019\u00e9v\u00e9nement<\/a>. Les fonds recueillis seront vers\u00e9s aux cinq organismes b\u00e9n\u00e9ficiaires.<\/p>\n","protected":false},"excerpt":{"rendered":"<p>CHILLIWACK, C.-B.&nbsp;\u2014 Nick et Andie Taylor c\u00e9l\u00e8brent une \u00e9tape importante de leur soutien continu \u00e0 First Tee \u2013 Premier d\u00e9part Canada. Depuis qu\u2019ils ont d\u00e9sign\u00e9 First Tee \u2013 British Columbia comme organisme b\u00e9n\u00e9ficiaire du tournoi caritatif Nick Taylor Charity Classic en 2024, les Taylor ont amass\u00e9 104 589 $ pour la section provinciale, contribuant ainsi [&hellip;]<\/p>\n","protected":false},"author":6073,"featured_media":8646,"comment_status":"closed","ping_status":"closed","sticky":true,"template":"","format":"standard","meta":{"_acf_changed":false,"footnotes":""},"categories":[55],"tags":[881,878,871,844,866,880,478,345,868,422,867,281,227,862,391,872,282,426,873,863,864,156,185,874,865,211,879,876,870,869,877],"class_list":["post-8648","post","type-post","status-publish","format-standard","has-post-thumbnail","hentry","category-nouvelles","tag-the-heart-behind-the-game","tag-accessibilite-au-golf","tag-ambassadeur-nick-taylor","tag-andie-taylor","tag-classique-caritatif-nick-taylor","tag-collecte-de-fonds-dans-le-golf","tag-cultus-lake-golf-club","tag-equite","tag-famille-taylor","tag-first-tee-canada","tag-first-tee-colombie-britannique","tag-first-tee-premier-depart-3","tag-first-tee-premier-depart-canada","tag-first-tee-c-b","tag-golf","tag-golf-a-abbotsford","tag-golf-canada-2","tag-golf-canadien","tag-golf-en-colombie-britannique","tag-golf-jeunesse","tag-golf-junior","tag-golf-junior-communautaire-rbc","tag-nick-taylor","tag-organismes-de-bienfaisance-lies-au-golf","tag-philanthropie-dans-le-golf","tag-programmes-de-golf-inclusifs","tag-programmes-de-golf-pour-les-jeunes","tag-programmes-first-tee","tag-sport-jeunesse","tag-tournoi-de-golf-caritatif","tag-vallee-du-fraser"],"acf":[],"yoast_head":"<!-- This site is optimized with the Yoast SEO plugin v28.2 - https:\/\/yoast.com\/product\/yoast-seo-wordpress\/ -->\n<title>Nick et Andie Taylor franchissent le cap des 100 000 $ en soutien \u00e0 First Tee \u2013 Premier d\u00e9part Canada - First Tee \u2013 Canada<\/title>\n<meta name=\"robots\" content=\"index, follow, max-snippet:-1, max-image-preview:large, max-video-preview:-1\" \/>\n<link rel=\"canonical\" href=\"https:\/\/firstteecanada.ca\/fr\/nick-et-andie-taylor-franchissent-le-cap-des-100-000-en-soutien-a-first-tee-premier-depart-canada\/\" \/>\n<meta property=\"og:locale\" content=\"fr_FR\" \/>\n<meta property=\"og:type\" content=\"article\" \/>\n<meta property=\"og:title\" content=\"Nick et Andie Taylor franchissent le cap des 100 000 $ en soutien \u00e0 First Tee \u2013 Premier d\u00e9part Canada - First Tee \u2013 Canada\" \/>\n<meta property=\"og:description\" content=\"CHILLIWACK, C.-B.&nbsp;\u2014 Nick et Andie Taylor c\u00e9l\u00e8brent une \u00e9tape importante de leur soutien continu \u00e0 First Tee \u2013 Premier d\u00e9part Canada. Depuis qu\u2019ils ont d\u00e9sign\u00e9 First Tee \u2013 British Columbia comme organisme b\u00e9n\u00e9ficiaire du tournoi caritatif Nick Taylor Charity Classic en 2024, les Taylor ont amass\u00e9 104 589 $ pour la section provinciale, contribuant ainsi [&hellip;]\" \/>\n<meta property=\"og:url\" content=\"https:\/\/firstteecanada.ca\/fr\/nick-et-andie-taylor-franchissent-le-cap-des-100-000-en-soutien-a-first-tee-premier-depart-canada\/\" \/>\n<meta property=\"og:site_name\" content=\"First Tee \u2013 Canada\" \/>\n<meta property=\"article:publisher\" content=\"https:\/\/www.facebook.com\/GolfCanada\/\" \/>\n<meta property=\"article:published_time\" content=\"2026-09-04T21:47:11+00:00\" \/>\n<meta property=\"article:modified_time\" content=\"2026-09-04T21:48:37+00:00\" \/>\n<meta property=\"og:image\" content=\"https:\/\/firstteecanada.ca\/wp-content\/uploads\/sites\/191\/2026\/09\/DSC_0369-scaled.jpeg\" \/>\n\t<meta property=\"og:image:width\" content=\"2560\" \/>\n\t<meta property=\"og:image:height\" content=\"1714\" \/>\n\t<meta property=\"og:image:type\" content=\"image\/jpeg\" \/>\n<meta name=\"author\" content=\"khasmatali\" \/>\n<meta name=\"twitter:card\" content=\"summary_large_image\" \/>\n<meta name=\"twitter:creator\" content=\"@GolfCanada\" \/>\n<meta name=\"twitter:site\" content=\"@GolfCanada\" \/>\n<meta name=\"twitter:label1\" content=\"\u00c9crit par\" \/>\n\t<meta name=\"twitter:data1\" content=\"khasmatali\" \/>\n\t<meta name=\"twitter:label2\" content=\"Dur\u00e9e de lecture estim\u00e9e\" \/>\n\t<meta name=\"twitter:data2\" content=\"4 minutes\" \/>\n<script type=\"application\/ld+json\" class=\"yoast-schema-graph\">{\"@context\":\"https:\\\/\\\/schema.org\",\"@graph\":[{\"@type\":\"Article\",\"@id\":\"https:\\\/\\\/firstteecanada.ca\\\/fr\\\/nick-et-andie-taylor-franchissent-le-cap-des-100-000-en-soutien-a-first-tee-premier-depart-canada\\\/#article\",\"isPartOf\":{\"@id\":\"https:\\\/\\\/firstteecanada.ca\\\/fr\\\/nick-et-andie-taylor-franchissent-le-cap-des-100-000-en-soutien-a-first-tee-premier-depart-canada\\\/\"},\"author\":{\"name\":\"khasmatali\",\"@id\":\"https:\\\/\\\/firstteecanada.ca\\\/fr\\\/#\\\/schema\\\/person\\\/cb328531d8f1fb5ee7249925c8fecc6a\"},\"headline\":\"Nick et Andie Taylor franchissent le cap des 100 000 $ en soutien \u00e0 First Tee \u2013 Premier d\u00e9part Canada\",\"datePublished\":\"2026-09-04T21:47:11+00:00\",\"dateModified\":\"2026-09-04T21:48:37+00:00\",\"mainEntityOfPage\":{\"@id\":\"https:\\\/\\\/firstteecanada.ca\\\/fr\\\/nick-et-andie-taylor-franchissent-le-cap-des-100-000-en-soutien-a-first-tee-premier-depart-canada\\\/\"},\"wordCount\":772,\"publisher\":{\"@id\":\"https:\\\/\\\/firstteecanada.ca\\\/fr\\\/#organization\"},\"image\":{\"@id\":\"https:\\\/\\\/firstteecanada.ca\\\/fr\\\/nick-et-andie-taylor-franchissent-le-cap-des-100-000-en-soutien-a-first-tee-premier-depart-canada\\\/#primaryimage\"},\"thumbnailUrl\":\"https:\\\/\\\/firstteecanada.ca\\\/wp-content\\\/uploads\\\/sites\\\/191\\\/2026\\\/09\\\/DSC_0369-scaled.jpeg\",\"keywords\":[\"\u00ab The Heart Behind the Game \u00bb\",\"accessibilit\u00e9 au golf\",\"ambassadeur Nick Taylor\",\"Andie Taylor\",\"Classique caritatif Nick Taylor\",\"collecte de fonds dans le golf\",\"Cultus Lake Golf Club\",\"\u00e9quit\u00e9\",\"famille Taylor\",\"First Tee \u2013 Canada\",\"First Tee \u2013 Colombie-Britannique\",\"First Tee \u2013 Premier d\u00e9part\",\"First Tee \u2013 Premier d\u00e9part Canada\",\"First Tee C.-B.\",\"Golf\",\"golf \u00e0 Abbotsford\",\"Golf Canada\",\"golf canadien\",\"golf en Colombie-Britannique\",\"golf jeunesse\",\"golf junior\",\"Golf junior communautaire RBC\",\"Nick Taylor\",\"organismes de bienfaisance li\u00e9s au golf\",\"philanthropie dans le golf\",\"Programmes de golf inclusifs\",\"programmes de golf pour les jeunes\",\"programmes First Tee\",\"sport jeunesse\",\"tournoi de golf caritatif\",\"vall\u00e9e du Fraser\"],\"articleSection\":[\"Nouvelles\"],\"inLanguage\":\"fr-FR\"},{\"@type\":\"WebPage\",\"@id\":\"https:\\\/\\\/firstteecanada.ca\\\/fr\\\/nick-et-andie-taylor-franchissent-le-cap-des-100-000-en-soutien-a-first-tee-premier-depart-canada\\\/\",\"url\":\"https:\\\/\\\/firstteecanada.ca\\\/fr\\\/nick-et-andie-taylor-franchissent-le-cap-des-100-000-en-soutien-a-first-tee-premier-depart-canada\\\/\",\"name\":\"Nick et Andie Taylor franchissent le cap des 100 000 $ en soutien \u00e0 First Tee \u2013 Premier d\u00e9part Canada - First Tee \u2013 Canada\",\"isPartOf\":{\"@id\":\"https:\\\/\\\/firstteecanada.ca\\\/fr\\\/#website\"},\"primaryImageOfPage\":{\"@id\":\"https:\\\/\\\/firstteecanada.ca\\\/fr\\\/nick-et-andie-taylor-franchissent-le-cap-des-100-000-en-soutien-a-first-tee-premier-depart-canada\\\/#primaryimage\"},\"image\":{\"@id\":\"https:\\\/\\\/firstteecanada.ca\\\/fr\\\/nick-et-andie-taylor-franchissent-le-cap-des-100-000-en-soutien-a-first-tee-premier-depart-canada\\\/#primaryimage\"},\"thumbnailUrl\":\"https:\\\/\\\/firstteecanada.ca\\\/wp-content\\\/uploads\\\/sites\\\/191\\\/2026\\\/09\\\/DSC_0369-scaled.jpeg\",\"datePublished\":\"2026-09-04T21:47:11+00:00\",\"dateModified\":\"2026-09-04T21:48:37+00:00\",\"breadcrumb\":{\"@id\":\"https:\\\/\\\/firstteecanada.ca\\\/fr\\\/nick-et-andie-taylor-franchissent-le-cap-des-100-000-en-soutien-a-first-tee-premier-depart-canada\\\/#breadcrumb\"},\"inLanguage\":\"fr-FR\",\"potentialAction\":[{\"@type\":\"ReadAction\",\"target\":[\"https:\\\/\\\/firstteecanada.ca\\\/fr\\\/nick-et-andie-taylor-franchissent-le-cap-des-100-000-en-soutien-a-first-tee-premier-depart-canada\\\/\"]}]},{\"@type\":\"ImageObject\",\"inLanguage\":\"fr-FR\",\"@id\":\"https:\\\/\\\/firstteecanada.ca\\\/fr\\\/nick-et-andie-taylor-franchissent-le-cap-des-100-000-en-soutien-a-first-tee-premier-depart-canada\\\/#primaryimage\",\"url\":\"https:\\\/\\\/firstteecanada.ca\\\/wp-content\\\/uploads\\\/sites\\\/191\\\/2026\\\/09\\\/DSC_0369-scaled.jpeg\",\"contentUrl\":\"https:\\\/\\\/firstteecanada.ca\\\/wp-content\\\/uploads\\\/sites\\\/191\\\/2026\\\/09\\\/DSC_0369-scaled.jpeg\",\"width\":2560,\"height\":1714},{\"@type\":\"BreadcrumbList\",\"@id\":\"https:\\\/\\\/firstteecanada.ca\\\/fr\\\/nick-et-andie-taylor-franchissent-le-cap-des-100-000-en-soutien-a-first-tee-premier-depart-canada\\\/#breadcrumb\",\"itemListElement\":[{\"@type\":\"ListItem\",\"position\":1,\"name\":\"Home\",\"item\":\"https:\\\/\\\/firstteecanada.ca\\\/fr\\\/\"},{\"@type\":\"ListItem\",\"position\":2,\"name\":\"Nick et Andie Taylor franchissent le cap des 100 000 $ en soutien \u00e0 First Tee \u2013 Premier d\u00e9part Canada\"}]},{\"@type\":\"WebSite\",\"@id\":\"https:\\\/\\\/firstteecanada.ca\\\/fr\\\/#website\",\"url\":\"https:\\\/\\\/firstteecanada.ca\\\/fr\\\/\",\"name\":\"First Tee \u2013 Canada\",\"description\":\"D\u00e9velopper les acteurs du changement\",\"publisher\":{\"@id\":\"https:\\\/\\\/firstteecanada.ca\\\/fr\\\/#organization\"},\"potentialAction\":[{\"@type\":\"SearchAction\",\"target\":{\"@type\":\"EntryPoint\",\"urlTemplate\":\"https:\\\/\\\/firstteecanada.ca\\\/fr\\\/?s={search_term_string}\"},\"query-input\":{\"@type\":\"PropertyValueSpecification\",\"valueRequired\":true,\"valueName\":\"search_term_string\"}}],\"inLanguage\":\"fr-FR\"},{\"@type\":\"Organization\",\"@id\":\"https:\\\/\\\/firstteecanada.ca\\\/fr\\\/#organization\",\"name\":\"First Tee \u2013 Canada\",\"url\":\"https:\\\/\\\/firstteecanada.ca\\\/fr\\\/\",\"logo\":{\"@type\":\"ImageObject\",\"inLanguage\":\"fr-FR\",\"@id\":\"https:\\\/\\\/firstteecanada.ca\\\/fr\\\/#\\\/schema\\\/logo\\\/image\\\/\",\"url\":\"https:\\\/\\\/firstteecanada.ca\\\/wp-content\\\/uploads\\\/sites\\\/191\\\/2025\\\/01\\\/RGB_Premier-Depart_Canada_Green-2.png\",\"contentUrl\":\"https:\\\/\\\/firstteecanada.ca\\\/wp-content\\\/uploads\\\/sites\\\/191\\\/2025\\\/01\\\/RGB_Premier-Depart_Canada_Green-2.png\",\"width\":4460,\"height\":2084,\"caption\":\"First Tee \u2013 Canada\"},\"image\":{\"@id\":\"https:\\\/\\\/firstteecanada.ca\\\/fr\\\/#\\\/schema\\\/logo\\\/image\\\/\"},\"sameAs\":[\"https:\\\/\\\/www.facebook.com\\\/GolfCanada\\\/\",\"https:\\\/\\\/x.com\\\/GolfCanada\",\"https:\\\/\\\/www.instagram.com\\\/thegolfcanada\\\/?hl=en\"]},{\"@type\":\"Person\",\"@id\":\"https:\\\/\\\/firstteecanada.ca\\\/fr\\\/#\\\/schema\\\/person\\\/cb328531d8f1fb5ee7249925c8fecc6a\",\"name\":\"khasmatali\",\"image\":{\"@type\":\"ImageObject\",\"inLanguage\":\"fr-FR\",\"@id\":\"https:\\\/\\\/secure.gravatar.com\\\/avatar\\\/fb7df890f9744018e0a6e96cf4c9df1e129a794ed4b149cf91ca9a1b603aafe6?s=96&d=mm&r=g\",\"url\":\"https:\\\/\\\/secure.gravatar.com\\\/avatar\\\/fb7df890f9744018e0a6e96cf4c9df1e129a794ed4b149cf91ca9a1b603aafe6?s=96&d=mm&r=g\",\"contentUrl\":\"https:\\\/\\\/secure.gravatar.com\\\/avatar\\\/fb7df890f9744018e0a6e96cf4c9df1e129a794ed4b149cf91ca9a1b603aafe6?s=96&d=mm&r=g\",\"caption\":\"khasmatali\"},\"url\":\"https:\\\/\\\/firstteecanada.ca\\\/fr\\\/author\\\/khasmatali\\\/\"}]}<\/script>\n<!-- \/ Yoast SEO plugin. -->","yoast_head_json":{"title":"Nick et Andie Taylor franchissent le cap des 100 000 $ en soutien \u00e0 First Tee \u2013 Premier d\u00e9part Canada - First Tee \u2013 Canada","robots":{"index":"index","follow":"follow","max-snippet":"max-snippet:-1","max-image-preview":"max-image-preview:large","max-video-preview":"max-video-preview:-1"},"canonical":"https:\/\/firstteecanada.ca\/fr\/nick-et-andie-taylor-franchissent-le-cap-des-100-000-en-soutien-a-first-tee-premier-depart-canada\/","og_locale":"fr_FR","og_type":"article","og_title":"Nick et Andie Taylor franchissent le cap des 100 000 $ en soutien \u00e0 First Tee \u2013 Premier d\u00e9part Canada - First Tee \u2013 Canada","og_description":"CHILLIWACK, C.-B.&nbsp;\u2014 Nick et Andie Taylor c\u00e9l\u00e8brent une \u00e9tape importante de leur soutien continu \u00e0 First Tee \u2013 Premier d\u00e9part Canada. Depuis qu\u2019ils ont d\u00e9sign\u00e9 First Tee \u2013 British Columbia comme organisme b\u00e9n\u00e9ficiaire du tournoi caritatif Nick Taylor Charity Classic en 2024, les Taylor ont amass\u00e9 104 589 $ pour la section provinciale, contribuant ainsi [&hellip;]","og_url":"https:\/\/firstteecanada.ca\/fr\/nick-et-andie-taylor-franchissent-le-cap-des-100-000-en-soutien-a-first-tee-premier-depart-canada\/","og_site_name":"First Tee \u2013 Canada","article_publisher":"https:\/\/www.facebook.com\/GolfCanada\/","article_published_time":"2026-09-04T21:47:11+00:00","article_modified_time":"2026-09-04T21:48:37+00:00","og_image":[{"width":2560,"height":1714,"url":"https:\/\/firstteecanada.ca\/wp-content\/uploads\/sites\/191\/2026\/09\/DSC_0369-scaled.jpeg","type":"image\/jpeg"}],"author":"khasmatali","twitter_card":"summary_large_image","twitter_creator":"@GolfCanada","twitter_site":"@GolfCanada","twitter_misc":{"\u00c9crit par":"khasmatali","Dur\u00e9e de lecture estim\u00e9e":"4 minutes"},"schema":{"@context":"https:\/\/schema.org","@graph":[{"@type":"Article","@id":"https:\/\/firstteecanada.ca\/fr\/nick-et-andie-taylor-franchissent-le-cap-des-100-000-en-soutien-a-first-tee-premier-depart-canada\/#article","isPartOf":{"@id":"https:\/\/firstteecanada.ca\/fr\/nick-et-andie-taylor-franchissent-le-cap-des-100-000-en-soutien-a-first-tee-premier-depart-canada\/"},"author":{"name":"khasmatali","@id":"https:\/\/firstteecanada.ca\/fr\/#\/schema\/person\/cb328531d8f1fb5ee7249925c8fecc6a"},"headline":"Nick et Andie Taylor franchissent le cap des 100 000 $ en soutien \u00e0 First Tee \u2013 Premier d\u00e9part Canada","datePublished":"2026-09-04T21:47:11+00:00","dateModified":"2026-09-04T21:48:37+00:00","mainEntityOfPage":{"@id":"https:\/\/firstteecanada.ca\/fr\/nick-et-andie-taylor-franchissent-le-cap-des-100-000-en-soutien-a-first-tee-premier-depart-canada\/"},"wordCount":772,"publisher":{"@id":"https:\/\/firstteecanada.ca\/fr\/#organization"},"image":{"@id":"https:\/\/firstteecanada.ca\/fr\/nick-et-andie-taylor-franchissent-le-cap-des-100-000-en-soutien-a-first-tee-premier-depart-canada\/#primaryimage"},"thumbnailUrl":"https:\/\/firstteecanada.ca\/wp-content\/uploads\/sites\/191\/2026\/09\/DSC_0369-scaled.jpeg","keywords":["\u00ab The Heart Behind the Game \u00bb","accessibilit\u00e9 au golf","ambassadeur Nick Taylor","Andie Taylor","Classique caritatif Nick Taylor","collecte de fonds dans le golf","Cultus Lake Golf Club","\u00e9quit\u00e9","famille Taylor","First Tee \u2013 Canada","First Tee \u2013 Colombie-Britannique","First Tee \u2013 Premier d\u00e9part","First Tee \u2013 Premier d\u00e9part Canada","First Tee C.-B.","Golf","golf \u00e0 Abbotsford","Golf Canada","golf canadien","golf en Colombie-Britannique","golf jeunesse","golf junior","Golf junior communautaire RBC","Nick Taylor","organismes de bienfaisance li\u00e9s au golf","philanthropie dans le golf","Programmes de golf inclusifs","programmes de golf pour les jeunes","programmes First Tee","sport jeunesse","tournoi de golf caritatif","vall\u00e9e du Fraser"],"articleSection":["Nouvelles"],"inLanguage":"fr-FR"},{"@type":"WebPage","@id":"https:\/\/firstteecanada.ca\/fr\/nick-et-andie-taylor-franchissent-le-cap-des-100-000-en-soutien-a-first-tee-premier-depart-canada\/","url":"https:\/\/firstteecanada.ca\/fr\/nick-et-andie-taylor-franchissent-le-cap-des-100-000-en-soutien-a-first-tee-premier-depart-canada\/","name":"Nick et Andie Taylor franchissent le cap des 100 000 $ en soutien \u00e0 First Tee \u2013 Premier d\u00e9part Canada - First Tee \u2013 Canada","isPartOf":{"@id":"https:\/\/firstteecanada.ca\/fr\/#website"},"primaryImageOfPage":{"@id":"https:\/\/firstteecanada.ca\/fr\/nick-et-andie-taylor-franchissent-le-cap-des-100-000-en-soutien-a-first-tee-premier-depart-canada\/#primaryimage"},"image":{"@id":"https:\/\/firstteecanada.ca\/fr\/nick-et-andie-taylor-franchissent-le-cap-des-100-000-en-soutien-a-first-tee-premier-depart-canada\/#primaryimage"},"thumbnailUrl":"https:\/\/firstteecanada.ca\/wp-content\/uploads\/sites\/191\/2026\/09\/DSC_0369-scaled.jpeg","datePublished":"2026-09-04T21:47:11+00:00","dateModified":"2026-09-04T21:48:37+00:00","breadcrumb":{"@id":"https:\/\/firstteecanada.ca\/fr\/nick-et-andie-taylor-franchissent-le-cap-des-100-000-en-soutien-a-first-tee-premier-depart-canada\/#breadcrumb"},"inLanguage":"fr-FR","potentialAction":[{"@type":"ReadAction","target":["https:\/\/firstteecanada.ca\/fr\/nick-et-andie-taylor-franchissent-le-cap-des-100-000-en-soutien-a-first-tee-premier-depart-canada\/"]}]},{"@type":"ImageObject","inLanguage":"fr-FR","@id":"https:\/\/firstteecanada.ca\/fr\/nick-et-andie-taylor-franchissent-le-cap-des-100-000-en-soutien-a-first-tee-premier-depart-canada\/#primaryimage","url":"https:\/\/firstteecanada.ca\/wp-content\/uploads\/sites\/191\/2026\/09\/DSC_0369-scaled.jpeg","contentUrl":"https:\/\/firstteecanada.ca\/wp-content\/uploads\/sites\/191\/2026\/09\/DSC_0369-scaled.jpeg","width":2560,"height":1714},{"@type":"BreadcrumbList","@id":"https:\/\/firstteecanada.ca\/fr\/nick-et-andie-taylor-franchissent-le-cap-des-100-000-en-soutien-a-first-tee-premier-depart-canada\/#breadcrumb","itemListElement":[{"@type":"ListItem","position":1,"name":"Home","item":"https:\/\/firstteecanada.ca\/fr\/"},{"@type":"ListItem","position":2,"name":"Nick et Andie Taylor franchissent le cap des 100 000 $ en soutien \u00e0 First Tee \u2013 Premier d\u00e9part Canada"}]},{"@type":"WebSite","@id":"https:\/\/firstteecanada.ca\/fr\/#website","url":"https:\/\/firstteecanada.ca\/fr\/","name":"First Tee \u2013 Canada","description":"D\u00e9velopper les acteurs du changement","publisher":{"@id":"https:\/\/firstteecanada.ca\/fr\/#organization"},"potentialAction":[{"@type":"SearchAction","target":{"@type":"EntryPoint","urlTemplate":"https:\/\/firstteecanada.ca\/fr\/?s={search_term_string}"},"query-input":{"@type":"PropertyValueSpecification","valueRequired":true,"valueName":"search_term_string"}}],"inLanguage":"fr-FR"},{"@type":"Organization","@id":"https:\/\/firstteecanada.ca\/fr\/#organization","name":"First Tee \u2013 Canada","url":"https:\/\/firstteecanada.ca\/fr\/","logo":{"@type":"ImageObject","inLanguage":"fr-FR","@id":"https:\/\/firstteecanada.ca\/fr\/#\/schema\/logo\/image\/","url":"https:\/\/firstteecanada.ca\/wp-content\/uploads\/sites\/191\/2025\/01\/RGB_Premier-Depart_Canada_Green-2.png","contentUrl":"https:\/\/firstteecanada.ca\/wp-content\/uploads\/sites\/191\/2025\/01\/RGB_Premier-Depart_Canada_Green-2.png","width":4460,"height":2084,"caption":"First Tee \u2013 Canada"},"image":{"@id":"https:\/\/firstteecanada.ca\/fr\/#\/schema\/logo\/image\/"},"sameAs":["https:\/\/www.facebook.com\/GolfCanada\/","https:\/\/x.com\/GolfCanada","https:\/\/www.instagram.com\/thegolfcanada\/?hl=en"]},{"@type":"Person","@id":"https:\/\/firstteecanada.ca\/fr\/#\/schema\/person\/cb328531d8f1fb5ee7249925c8fecc6a","name":"khasmatali","image":{"@type":"ImageObject","inLanguage":"fr-FR","@id":"https:\/\/secure.gravatar.com\/avatar\/fb7df890f9744018e0a6e96cf4c9df1e129a794ed4b149cf91ca9a1b603aafe6?s=96&d=mm&r=g","url":"https:\/\/secure.gravatar.com\/avatar\/fb7df890f9744018e0a6e96cf4c9df1e129a794ed4b149cf91ca9a1b603aafe6?s=96&d=mm&r=g","contentUrl":"https:\/\/secure.gravatar.com\/avatar\/fb7df890f9744018e0a6e96cf4c9df1e129a794ed4b149cf91ca9a1b603aafe6?s=96&d=mm&r=g","caption":"khasmatali"},"url":"https:\/\/firstteecanada.ca\/fr\/author\/khasmatali\/"}]}},"_links":{"self":[{"href":"https:\/\/firstteecanada.ca\/fr\/wp-json\/wp\/v2\/posts\/8648","targetHints":{"allow":["GET"]}}],"collection":[{"href":"https:\/\/firstteecanada.ca\/fr\/wp-json\/wp\/v2\/posts"}],"about":[{"href":"https:\/\/firstteecanada.ca\/fr\/wp-json\/wp\/v2\/types\/post"}],"author":[{"embeddable":true,"href":"https:\/\/firstteecanada.ca\/fr\/wp-json\/wp\/v2\/users\/6073"}],"replies":[{"embeddable":true,"href":"https:\/\/firstteecanada.ca\/fr\/wp-json\/wp\/v2\/comments?post=8648"}],"version-history":[{"count":1,"href":"https:\/\/firstteecanada.ca\/fr\/wp-json\/wp\/v2\/posts\/8648\/revisions"}],"predecessor-version":[{"id":8649,"href":"https:\/\/firstteecanada.ca\/fr\/wp-json\/wp\/v2\/posts\/8648\/revisions\/8649"}],"wp:featuredmedia":[{"embeddable":true,"href":"https:\/\/firstteecanada.ca\/fr\/wp-json\/wp\/v2\/media\/8646"}],"wp:attachment":[{"href":"https:\/\/firstteecanada.ca\/fr\/wp-json\/wp\/v2\/media?parent=8648"}],"wp:term":[{"taxonomy":"category","embeddable":true,"href":"https:\/\/firstteecanada.ca\/fr\/wp-json\/wp\/v2\/categories?post=8648"},{"taxonomy":"post_tag","embeddable":true,"href":"https:\/\/firstteecanada.ca\/fr\/wp-json\/wp\/v2\/tags?post=8648"}],"curies":[{"name":"wp","href":"https:\/\/api.w.org\/{rel}","templated":true}]}},{"id":8620,"date":"2026-09-03T13:23:09","date_gmt":"2026-09-03T18:23:09","guid":{"rendered":"https:\/\/firstteecanada.ca\/?p=8620"},"modified":"2026-09-03T13:23:13","modified_gmt":"2026-09-03T18:23:13","slug":"le-nouvel-atelier-mobile-de-first-tee-british-columbia-initie-plus-de-200-jeunes-au-golf-dans-cinq-communautes","status":"publish","type":"post","link":"https:\/\/firstteecanada.ca\/fr\/le-nouvel-atelier-mobile-de-first-tee-british-columbia-initie-plus-de-200-jeunes-au-golf-dans-cinq-communautes\/","title":{"rendered":"Le nouvel atelier mobile de First Tee \u2013 British Columbia initie plus de 200 jeunes au golf dans cinq communaut\u00e9s"},"content":{"rendered":"\n<figure class=\"wp-block-image size-large\"><img decoding=\"async\" src=\"https:\/\/firstteebc.ca\/wp-content\/uploads\/sites\/196\/2026\/08\/IMG_5945-1024x819.jpg\" alt=\"\" class=\"wp-image-3211\"\/><\/figure>\n\n\n\n<p class=\"wp-block-paragraph\">Plus de 200 jeunes d\u2019un peu partout en Colombie-Britannique ont eu l\u2019occasion de manier des b\u00e2tons de golf cet \u00e9t\u00e9, la plupart pour la premi\u00e8re fois, dans le cadre de la tourn\u00e9e du premier atelier mobile de First Tee \u2013 British Columbia.<\/p>\n\n\n\n<p class=\"wp-block-paragraph\">Dirig\u00e9e par le coordonnateur de programme et entra\u00eeneur de niveau 3 Max Kleban, la tourn\u00e9e de l\u2019atelier mobile a parcouru pr\u00e8s de 5&nbsp;000 kilom\u00e8tres pendant trois semaines pour donner des programmes d\u2019initiation au golf dans cinq communaut\u00e9s dans le Nord et l\u2019int\u00e9rieur de la province.<\/p>\n\n\n\n<p class=\"wp-block-paragraph\">L\u2019initiative a \u00e9t\u00e9 mise sur pied pour r\u00e9pondre \u00e0 un d\u00e9fi commun \u00e0 de nombreuses communaut\u00e9s de Colombie-Britannique&nbsp;: bien qu\u2019il y ait un int\u00e9r\u00eat pour le golf, l\u2019acc\u00e8s \u00e0 des programmes d\u2019initiation au jeu peut \u00eatre limit\u00e9 par la situation g\u00e9ographique, la disponibilit\u00e9 de personnel et le co\u00fbt.<\/p>\n\n\n\n<p class=\"wp-block-paragraph\">En amenant First Tee \u2013 Premier d\u00e9part directement dans les communaut\u00e9s, l\u2019atelier mobile a contribu\u00e9 \u00e0 \u00e9liminer ces obstacles tout en cr\u00e9ant des liens significatifs entre les jeunes et les \u00e9tablissements de golf.<\/p>\n\n\n\n<p class=\"wp-block-paragraph\"><strong>Amener le golf dans les communaut\u00e9s<\/strong><\/p>\n\n\n\n<p class=\"wp-block-paragraph\">Du 19 juillet au 5 ao\u00fbt, Kleban a donn\u00e9 27 ateliers \u00e0 l\u2019Aspen Grove Golf Course de Prince George, au Lakepoint Golf &amp; Country Club pr\u00e8s de Fort St. John, au Bootleg Gap Golf de Kimberley, au Castlegar Golf Club et au Twin Lakes Golf Course pr\u00e8s de Penticton.<\/p>\n\n\n\n<p class=\"wp-block-paragraph\">Chaque s\u00e9ance de 90 minutes enseignait aux jeunes participants les bases du coup roul\u00e9, du coup coch\u00e9 et du coup de d\u00e9part dans un environnement amusant et encourageant.<\/p>\n\n\n\n<p class=\"wp-block-paragraph\">Les ateliers int\u00e9graient aussi les \u00e9l\u00e9ments de comp\u00e9tences de vie de First Tee \u2013 Premier d\u00e9part pour aider les participants \u00e0 acqu\u00e9rir des comp\u00e9tences utiles bien au-del\u00e0 du parcours de golf, comme le contr\u00f4le des \u00e9motions, la confiance en soi, la pers\u00e9v\u00e9rance et le respect.<\/p>\n\n\n\n<p class=\"wp-block-paragraph\">Les ateliers mobiles \u00e9taient ouverts aux jeunes de 7 \u00e0 18 ans, les plus \u00e2g\u00e9s \u00e9tant invit\u00e9s \u00e0 contribuer \u00e0 l\u2019expansion continue du programme First Tee \u2013 Premier d\u00e9part au Canada.<\/p>\n\n\n\n<p class=\"wp-block-paragraph\">\u00ab&nbsp;C\u2019est une exp\u00e9rience qui a vraiment chang\u00e9 ma vie, d\u00e9clare Max Kleban, l\u2019instigateur de l\u2019atelier mobile. Faire partie de la premi\u00e8re d\u00e9couverte du golf par quelqu\u2019un, c\u2019est quelque chose dont je ne me lasserai jamais. C\u2019est incroyablement gratifiant d\u2019assister \u00e0 l\u2019excitation initiale d\u2019un jeune participant et de voir sa confiance s\u2019affirmer durant la s\u00e9ance. Je sens que j\u2019ai r\u00e9ussi quelque chose d\u2019important quand les jeunes expriment le d\u00e9sir de revenir sur le terrain de golf.&nbsp;\u00bb<\/p>\n\n\n\n<p class=\"wp-block-paragraph\">Kleban ajoute qu\u2019il est ravi de continuer \u00e0 d\u00e9velopper le programme dans les communaut\u00e9s qu\u2019il a d\u00e9j\u00e0 visit\u00e9es en tourn\u00e9e et aussi d\u2019\u00e9largir la port\u00e9e de First Tee \u2013 Premier d\u00e9part \u00e0 travers la province.<\/p>\n\n\n\n<figure class=\"wp-block-image size-large\"><img decoding=\"async\" src=\"https:\/\/firstteebc.ca\/wp-content\/uploads\/sites\/196\/2026\/08\/IMG_5886-1024x819.jpg\" alt=\"\" class=\"wp-image-3212\"\/><\/figure>\n\n\n\n<p class=\"wp-block-paragraph\"><strong>Cr\u00e9er des liens pour l\u2019avenir<\/strong><\/p>\n\n\n\n<p class=\"wp-block-paragraph\">Le succ\u00e8s de la tourn\u00e9e inaugurale de l\u2019atelier mobile rel\u00e8ve en grande partie du soutien de partenaires communautaires et d\u2019\u00e9tablissements h\u00f4tes qui ont aid\u00e9 \u00e0 promouvoir le programme, fourni des espaces pour les ateliers et cr\u00e9\u00e9 des environnements accueillants pour les participants et leurs familles.<\/p>\n\n\n\n<p class=\"wp-block-paragraph\">La tourn\u00e9e a aussi permis \u00e0 First Tee \u2013 British Columbia de renforcer ses liens avec les \u00e9tablissements de golf et d\u2019explorer des possibilit\u00e9s d\u2019expansion future du programme.<\/p>\n\n\n\n<p class=\"wp-block-paragraph\">\u00ab&nbsp;L\u2019accueil de l\u2019atelier mobile de First Tee \u2013 Premier d\u00e9part a \u00e9t\u00e9 une excellente occasion pour notre club d\u2019initier davantage de jeunes et de familles au jeu de golf, souligne Victoria Szoo, professionnel en titre du Lakepoint Golf &amp; Country Club. First Tee \u2013 Premier d\u00e9part nous a aid\u00e9s \u00e0 rejoindre plus de gens dans notre communaut\u00e9 et nous a permis d\u2019offrir une belle exp\u00e9rience \u00e0 des jeunes de tous niveaux d\u2019habilet\u00e9 et de milieux divers, que ce soit pour une premi\u00e8re incursion sur un terrain de golf ou qu\u2019ils y viennent pour la quinzi\u00e8me fois.&nbsp;\u00bb<\/p>\n\n\n\n<p class=\"wp-block-paragraph\">En amenant des programmes d\u2019initiation au golf gratuits directement dans les communaut\u00e9s, les ateliers mobiles de First Tee \u2013 British Columbia aident \u00e0 faire tomber les obstacles et donnent \u00e0 un plus grand nombre de jeunes l\u2019acc\u00e8s au sport tout en leur enseignant des comp\u00e9tences de vie essentielles par le biais du jeu.<\/p>\n\n\n\n<p class=\"wp-block-paragraph\">\u00ab\u00a0Mon implication avec First Tee \u2013 Premier d\u00e9part a \u00e9t\u00e9 tr\u00e8s importante pour moi, car je crois que le golf devrait \u00eatre accessible \u00e0 tout le monde, ajoute Szoo. Les programmes de First Tee \u2013 British Columbia proposent plus qu\u2019une bonne initiation au jeu de golf. Ils enseignent aussi des le\u00e7ons de vie et des valeurs fondamentales que nos jeunes golfeurs peuvent mettre en pratique bien au-del\u00e0 du terrain de golf. Je suis s\u00fbr que l\u2019atelier mobile a laiss\u00e9 une impression positive durable chez les participants. Le club Lakepoint et moi-m\u00eame sommes reconnaissants d\u2019avoir eu l\u2019occasion d\u2019accueillir l\u2019atelier et de faire partie d\u2019un programme aussi formidable.\u00a0\u00bb <\/p>\n\n\n\n<figure class=\"wp-block-image size-large\"><img decoding=\"async\" src=\"https:\/\/firstteebc.ca\/wp-content\/uploads\/sites\/196\/2026\/08\/IMG_2493-1024x819.jpg\" alt=\"\" class=\"wp-image-3213\"\/><\/figure>\n\n\n\n<p class=\"wp-block-paragraph\">Vous aimeriez qu\u2019un atelier mobile de First Tee \u2013 British Columbia vienne dans votre communaut\u00e9? <a href=\"https:\/\/firstteebc.ca\/contact-us\/\">Contactez-nous<\/a> pour en savoir plus sur la fa\u00e7on de vous impliquer.<\/p>\n","protected":false},"excerpt":{"rendered":"<p>Plus de 200 jeunes d\u2019un peu partout en Colombie-Britannique ont eu l\u2019occasion de manier des b\u00e2tons de golf cet \u00e9t\u00e9, la plupart pour la premi\u00e8re fois, dans le cadre de la tourn\u00e9e du premier atelier mobile de First Tee \u2013 British Columbia. Dirig\u00e9e par le coordonnateur de programme et entra\u00eeneur de niveau 3 Max Kleban, [&hellip;]<\/p>\n","protected":false},"author":6073,"featured_media":8615,"comment_status":"closed","ping_status":"closed","sticky":true,"template":"","format":"standard","meta":{"_acf_changed":false,"footnotes":""},"categories":[56],"tags":[824,821,822,823,825,408,422,281,227,391,282,211,826],"class_list":["post-8620","post","type-post","status-publish","format-standard","has-post-thumbnail","hentry","category-articles-en-vedette","tag-aspen-grove-golf-course-de-prince-george","tag-atelier-mobile-de-first-tee-british-columbia","tag-au-bootleg-gap-golf-de-kimberley","tag-au-lakepoint-golf-country-club-pres-de-fort-st-john","tag-castlegar-golf-club","tag-first-tee-british-columbia","tag-first-tee-canada","tag-first-tee-premier-depart-3","tag-first-tee-premier-depart-canada","tag-golf","tag-golf-canada-2","tag-programmes-de-golf-inclusifs","tag-twin-lakes-golf-course-pres-de-penticton"],"acf":[],"yoast_head":"<!-- This site is optimized with the Yoast SEO plugin v28.2 - https:\/\/yoast.com\/product\/yoast-seo-wordpress\/ -->\n<title>Le nouvel atelier mobile de First Tee \u2013 British Columbia initie plus de 200 jeunes au golf dans cinq communaut\u00e9s - First Tee \u2013 Canada<\/title>\n<meta name=\"robots\" content=\"index, follow, max-snippet:-1, max-image-preview:large, max-video-preview:-1\" \/>\n<link rel=\"canonical\" href=\"https:\/\/firstteecanada.ca\/fr\/le-nouvel-atelier-mobile-de-first-tee-british-columbia-initie-plus-de-200-jeunes-au-golf-dans-cinq-communautes\/\" \/>\n<meta property=\"og:locale\" content=\"fr_FR\" \/>\n<meta property=\"og:type\" content=\"article\" \/>\n<meta property=\"og:title\" content=\"Le nouvel atelier mobile de First Tee \u2013 British Columbia initie plus de 200 jeunes au golf dans cinq communaut\u00e9s - First Tee \u2013 Canada\" \/>\n<meta property=\"og:description\" content=\"Plus de 200 jeunes d\u2019un peu partout en Colombie-Britannique ont eu l\u2019occasion de manier des b\u00e2tons de golf cet \u00e9t\u00e9, la plupart pour la premi\u00e8re fois, dans le cadre de la tourn\u00e9e du premier atelier mobile de First Tee \u2013 British Columbia. Dirig\u00e9e par le coordonnateur de programme et entra\u00eeneur de niveau 3 Max Kleban, [&hellip;]\" \/>\n<meta property=\"og:url\" content=\"https:\/\/firstteecanada.ca\/fr\/le-nouvel-atelier-mobile-de-first-tee-british-columbia-initie-plus-de-200-jeunes-au-golf-dans-cinq-communautes\/\" \/>\n<meta property=\"og:site_name\" content=\"First Tee \u2013 Canada\" \/>\n<meta property=\"article:publisher\" content=\"https:\/\/www.facebook.com\/GolfCanada\/\" \/>\n<meta property=\"article:published_time\" content=\"2026-09-03T18:23:09+00:00\" \/>\n<meta property=\"article:modified_time\" content=\"2026-09-03T18:23:13+00:00\" \/>\n<meta property=\"og:image\" content=\"https:\/\/firstteecanada.ca\/wp-content\/uploads\/sites\/191\/2026\/09\/IMG_5945-scaled-e1788269412632.jpeg\" \/>\n\t<meta property=\"og:image:width\" content=\"1920\" \/>\n\t<meta property=\"og:image:height\" content=\"2560\" \/>\n\t<meta property=\"og:image:type\" content=\"image\/jpeg\" \/>\n<meta name=\"author\" content=\"khasmatali\" \/>\n<meta name=\"twitter:card\" content=\"summary_large_image\" \/>\n<meta name=\"twitter:creator\" content=\"@GolfCanada\" \/>\n<meta name=\"twitter:site\" content=\"@GolfCanada\" \/>\n<meta name=\"twitter:label1\" content=\"\u00c9crit par\" \/>\n\t<meta name=\"twitter:data1\" content=\"khasmatali\" \/>\n\t<meta name=\"twitter:label2\" content=\"Dur\u00e9e de lecture estim\u00e9e\" \/>\n\t<meta name=\"twitter:data2\" content=\"5 minutes\" \/>\n<script type=\"application\/ld+json\" class=\"yoast-schema-graph\">{\"@context\":\"https:\\\/\\\/schema.org\",\"@graph\":[{\"@type\":\"Article\",\"@id\":\"https:\\\/\\\/firstteecanada.ca\\\/fr\\\/le-nouvel-atelier-mobile-de-first-tee-british-columbia-initie-plus-de-200-jeunes-au-golf-dans-cinq-communautes\\\/#article\",\"isPartOf\":{\"@id\":\"https:\\\/\\\/firstteecanada.ca\\\/fr\\\/le-nouvel-atelier-mobile-de-first-tee-british-columbia-initie-plus-de-200-jeunes-au-golf-dans-cinq-communautes\\\/\"},\"author\":{\"name\":\"khasmatali\",\"@id\":\"https:\\\/\\\/firstteecanada.ca\\\/fr\\\/#\\\/schema\\\/person\\\/cb328531d8f1fb5ee7249925c8fecc6a\"},\"headline\":\"Le nouvel atelier mobile de First Tee \u2013 British Columbia initie plus de 200 jeunes au golf dans cinq communaut\u00e9s\",\"datePublished\":\"2026-09-03T18:23:09+00:00\",\"dateModified\":\"2026-09-03T18:23:13+00:00\",\"mainEntityOfPage\":{\"@id\":\"https:\\\/\\\/firstteecanada.ca\\\/fr\\\/le-nouvel-atelier-mobile-de-first-tee-british-columbia-initie-plus-de-200-jeunes-au-golf-dans-cinq-communautes\\\/\"},\"wordCount\":904,\"publisher\":{\"@id\":\"https:\\\/\\\/firstteecanada.ca\\\/fr\\\/#organization\"},\"image\":{\"@id\":\"https:\\\/\\\/firstteecanada.ca\\\/fr\\\/le-nouvel-atelier-mobile-de-first-tee-british-columbia-initie-plus-de-200-jeunes-au-golf-dans-cinq-communautes\\\/#primaryimage\"},\"thumbnailUrl\":\"https:\\\/\\\/firstteecanada.ca\\\/wp-content\\\/uploads\\\/sites\\\/191\\\/2026\\\/09\\\/IMG_5945-scaled-e1788269412632.jpeg\",\"keywords\":[\"Aspen Grove Golf Course de Prince George\",\"atelier mobile de First Tee \u2013 British Columbia\",\"au Bootleg Gap Golf de Kimberley\",\"au Lakepoint Golf &amp; Country Club pr\u00e8s de Fort St. John\",\"Castlegar Golf Club\",\"First Tee \u2013 British Columbia\",\"First Tee \u2013 Canada\",\"First Tee \u2013 Premier d\u00e9part\",\"First Tee \u2013 Premier d\u00e9part Canada\",\"Golf\",\"Golf Canada\",\"Programmes de golf inclusifs\",\"Twin Lakes Golf Course pr\u00e8s de Penticton\"],\"articleSection\":[\"Articles en vedette\"],\"inLanguage\":\"fr-FR\"},{\"@type\":\"WebPage\",\"@id\":\"https:\\\/\\\/firstteecanada.ca\\\/fr\\\/le-nouvel-atelier-mobile-de-first-tee-british-columbia-initie-plus-de-200-jeunes-au-golf-dans-cinq-communautes\\\/\",\"url\":\"https:\\\/\\\/firstteecanada.ca\\\/fr\\\/le-nouvel-atelier-mobile-de-first-tee-british-columbia-initie-plus-de-200-jeunes-au-golf-dans-cinq-communautes\\\/\",\"name\":\"Le nouvel atelier mobile de First Tee \u2013 British Columbia initie plus de 200 jeunes au golf dans cinq communaut\u00e9s - First Tee \u2013 Canada\",\"isPartOf\":{\"@id\":\"https:\\\/\\\/firstteecanada.ca\\\/fr\\\/#website\"},\"primaryImageOfPage\":{\"@id\":\"https:\\\/\\\/firstteecanada.ca\\\/fr\\\/le-nouvel-atelier-mobile-de-first-tee-british-columbia-initie-plus-de-200-jeunes-au-golf-dans-cinq-communautes\\\/#primaryimage\"},\"image\":{\"@id\":\"https:\\\/\\\/firstteecanada.ca\\\/fr\\\/le-nouvel-atelier-mobile-de-first-tee-british-columbia-initie-plus-de-200-jeunes-au-golf-dans-cinq-communautes\\\/#primaryimage\"},\"thumbnailUrl\":\"https:\\\/\\\/firstteecanada.ca\\\/wp-content\\\/uploads\\\/sites\\\/191\\\/2026\\\/09\\\/IMG_5945-scaled-e1788269412632.jpeg\",\"datePublished\":\"2026-09-03T18:23:09+00:00\",\"dateModified\":\"2026-09-03T18:23:13+00:00\",\"breadcrumb\":{\"@id\":\"https:\\\/\\\/firstteecanada.ca\\\/fr\\\/le-nouvel-atelier-mobile-de-first-tee-british-columbia-initie-plus-de-200-jeunes-au-golf-dans-cinq-communautes\\\/#breadcrumb\"},\"inLanguage\":\"fr-FR\",\"potentialAction\":[{\"@type\":\"ReadAction\",\"target\":[\"https:\\\/\\\/firstteecanada.ca\\\/fr\\\/le-nouvel-atelier-mobile-de-first-tee-british-columbia-initie-plus-de-200-jeunes-au-golf-dans-cinq-communautes\\\/\"]}]},{\"@type\":\"ImageObject\",\"inLanguage\":\"fr-FR\",\"@id\":\"https:\\\/\\\/firstteecanada.ca\\\/fr\\\/le-nouvel-atelier-mobile-de-first-tee-british-columbia-initie-plus-de-200-jeunes-au-golf-dans-cinq-communautes\\\/#primaryimage\",\"url\":\"https:\\\/\\\/firstteecanada.ca\\\/wp-content\\\/uploads\\\/sites\\\/191\\\/2026\\\/09\\\/IMG_5945-scaled-e1788269412632.jpeg\",\"contentUrl\":\"https:\\\/\\\/firstteecanada.ca\\\/wp-content\\\/uploads\\\/sites\\\/191\\\/2026\\\/09\\\/IMG_5945-scaled-e1788269412632.jpeg\",\"width\":1920,\"height\":2560},{\"@type\":\"BreadcrumbList\",\"@id\":\"https:\\\/\\\/firstteecanada.ca\\\/fr\\\/le-nouvel-atelier-mobile-de-first-tee-british-columbia-initie-plus-de-200-jeunes-au-golf-dans-cinq-communautes\\\/#breadcrumb\",\"itemListElement\":[{\"@type\":\"ListItem\",\"position\":1,\"name\":\"Home\",\"item\":\"https:\\\/\\\/firstteecanada.ca\\\/fr\\\/\"},{\"@type\":\"ListItem\",\"position\":2,\"name\":\"Le nouvel atelier mobile de First Tee \u2013 British Columbia initie plus de 200 jeunes au golf dans cinq communaut\u00e9s\"}]},{\"@type\":\"WebSite\",\"@id\":\"https:\\\/\\\/firstteecanada.ca\\\/fr\\\/#website\",\"url\":\"https:\\\/\\\/firstteecanada.ca\\\/fr\\\/\",\"name\":\"First Tee \u2013 Canada\",\"description\":\"D\u00e9velopper les acteurs du changement\",\"publisher\":{\"@id\":\"https:\\\/\\\/firstteecanada.ca\\\/fr\\\/#organization\"},\"potentialAction\":[{\"@type\":\"SearchAction\",\"target\":{\"@type\":\"EntryPoint\",\"urlTemplate\":\"https:\\\/\\\/firstteecanada.ca\\\/fr\\\/?s={search_term_string}\"},\"query-input\":{\"@type\":\"PropertyValueSpecification\",\"valueRequired\":true,\"valueName\":\"search_term_string\"}}],\"inLanguage\":\"fr-FR\"},{\"@type\":\"Organization\",\"@id\":\"https:\\\/\\\/firstteecanada.ca\\\/fr\\\/#organization\",\"name\":\"First Tee \u2013 Canada\",\"url\":\"https:\\\/\\\/firstteecanada.ca\\\/fr\\\/\",\"logo\":{\"@type\":\"ImageObject\",\"inLanguage\":\"fr-FR\",\"@id\":\"https:\\\/\\\/firstteecanada.ca\\\/fr\\\/#\\\/schema\\\/logo\\\/image\\\/\",\"url\":\"https:\\\/\\\/firstteecanada.ca\\\/wp-content\\\/uploads\\\/sites\\\/191\\\/2025\\\/01\\\/RGB_Premier-Depart_Canada_Green-2.png\",\"contentUrl\":\"https:\\\/\\\/firstteecanada.ca\\\/wp-content\\\/uploads\\\/sites\\\/191\\\/2025\\\/01\\\/RGB_Premier-Depart_Canada_Green-2.png\",\"width\":4460,\"height\":2084,\"caption\":\"First Tee \u2013 Canada\"},\"image\":{\"@id\":\"https:\\\/\\\/firstteecanada.ca\\\/fr\\\/#\\\/schema\\\/logo\\\/image\\\/\"},\"sameAs\":[\"https:\\\/\\\/www.facebook.com\\\/GolfCanada\\\/\",\"https:\\\/\\\/x.com\\\/GolfCanada\",\"https:\\\/\\\/www.instagram.com\\\/thegolfcanada\\\/?hl=en\"]},{\"@type\":\"Person\",\"@id\":\"https:\\\/\\\/firstteecanada.ca\\\/fr\\\/#\\\/schema\\\/person\\\/cb328531d8f1fb5ee7249925c8fecc6a\",\"name\":\"khasmatali\",\"image\":{\"@type\":\"ImageObject\",\"inLanguage\":\"fr-FR\",\"@id\":\"https:\\\/\\\/secure.gravatar.com\\\/avatar\\\/fb7df890f9744018e0a6e96cf4c9df1e129a794ed4b149cf91ca9a1b603aafe6?s=96&d=mm&r=g\",\"url\":\"https:\\\/\\\/secure.gravatar.com\\\/avatar\\\/fb7df890f9744018e0a6e96cf4c9df1e129a794ed4b149cf91ca9a1b603aafe6?s=96&d=mm&r=g\",\"contentUrl\":\"https:\\\/\\\/secure.gravatar.com\\\/avatar\\\/fb7df890f9744018e0a6e96cf4c9df1e129a794ed4b149cf91ca9a1b603aafe6?s=96&d=mm&r=g\",\"caption\":\"khasmatali\"},\"url\":\"https:\\\/\\\/firstteecanada.ca\\\/fr\\\/author\\\/khasmatali\\\/\"}]}<\/script>\n<!-- \/ Yoast SEO plugin. -->","yoast_head_json":{"title":"Le nouvel atelier mobile de First Tee \u2013 British Columbia initie plus de 200 jeunes au golf dans cinq communaut\u00e9s - First Tee \u2013 Canada","robots":{"index":"index","follow":"follow","max-snippet":"max-snippet:-1","max-image-preview":"max-image-preview:large","max-video-preview":"max-video-preview:-1"},"canonical":"https:\/\/firstteecanada.ca\/fr\/le-nouvel-atelier-mobile-de-first-tee-british-columbia-initie-plus-de-200-jeunes-au-golf-dans-cinq-communautes\/","og_locale":"fr_FR","og_type":"article","og_title":"Le nouvel atelier mobile de First Tee \u2013 British Columbia initie plus de 200 jeunes au golf dans cinq communaut\u00e9s - First Tee \u2013 Canada","og_description":"Plus de 200 jeunes d\u2019un peu partout en Colombie-Britannique ont eu l\u2019occasion de manier des b\u00e2tons de golf cet \u00e9t\u00e9, la plupart pour la premi\u00e8re fois, dans le cadre de la tourn\u00e9e du premier atelier mobile de First Tee \u2013 British Columbia. Dirig\u00e9e par le coordonnateur de programme et entra\u00eeneur de niveau 3 Max Kleban, [&hellip;]","og_url":"https:\/\/firstteecanada.ca\/fr\/le-nouvel-atelier-mobile-de-first-tee-british-columbia-initie-plus-de-200-jeunes-au-golf-dans-cinq-communautes\/","og_site_name":"First Tee \u2013 Canada","article_publisher":"https:\/\/www.facebook.com\/GolfCanada\/","article_published_time":"2026-09-03T18:23:09+00:00","article_modified_time":"2026-09-03T18:23:13+00:00","og_image":[{"width":1920,"height":2560,"url":"https:\/\/firstteecanada.ca\/wp-content\/uploads\/sites\/191\/2026\/09\/IMG_5945-scaled-e1788269412632.jpeg","type":"image\/jpeg"}],"author":"khasmatali","twitter_card":"summary_large_image","twitter_creator":"@GolfCanada","twitter_site":"@GolfCanada","twitter_misc":{"\u00c9crit par":"khasmatali","Dur\u00e9e de lecture estim\u00e9e":"5 minutes"},"schema":{"@context":"https:\/\/schema.org","@graph":[{"@type":"Article","@id":"https:\/\/firstteecanada.ca\/fr\/le-nouvel-atelier-mobile-de-first-tee-british-columbia-initie-plus-de-200-jeunes-au-golf-dans-cinq-communautes\/#article","isPartOf":{"@id":"https:\/\/firstteecanada.ca\/fr\/le-nouvel-atelier-mobile-de-first-tee-british-columbia-initie-plus-de-200-jeunes-au-golf-dans-cinq-communautes\/"},"author":{"name":"khasmatali","@id":"https:\/\/firstteecanada.ca\/fr\/#\/schema\/person\/cb328531d8f1fb5ee7249925c8fecc6a"},"headline":"Le nouvel atelier mobile de First Tee \u2013 British Columbia initie plus de 200 jeunes au golf dans cinq communaut\u00e9s","datePublished":"2026-09-03T18:23:09+00:00","dateModified":"2026-09-03T18:23:13+00:00","mainEntityOfPage":{"@id":"https:\/\/firstteecanada.ca\/fr\/le-nouvel-atelier-mobile-de-first-tee-british-columbia-initie-plus-de-200-jeunes-au-golf-dans-cinq-communautes\/"},"wordCount":904,"publisher":{"@id":"https:\/\/firstteecanada.ca\/fr\/#organization"},"image":{"@id":"https:\/\/firstteecanada.ca\/fr\/le-nouvel-atelier-mobile-de-first-tee-british-columbia-initie-plus-de-200-jeunes-au-golf-dans-cinq-communautes\/#primaryimage"},"thumbnailUrl":"https:\/\/firstteecanada.ca\/wp-content\/uploads\/sites\/191\/2026\/09\/IMG_5945-scaled-e1788269412632.jpeg","keywords":["Aspen Grove Golf Course de Prince George","atelier mobile de First Tee \u2013 British Columbia","au Bootleg Gap Golf de Kimberley","au Lakepoint Golf &amp; Country Club pr\u00e8s de Fort St. John","Castlegar Golf Club","First Tee \u2013 British Columbia","First Tee \u2013 Canada","First Tee \u2013 Premier d\u00e9part","First Tee \u2013 Premier d\u00e9part Canada","Golf","Golf Canada","Programmes de golf inclusifs","Twin Lakes Golf Course pr\u00e8s de Penticton"],"articleSection":["Articles en vedette"],"inLanguage":"fr-FR"},{"@type":"WebPage","@id":"https:\/\/firstteecanada.ca\/fr\/le-nouvel-atelier-mobile-de-first-tee-british-columbia-initie-plus-de-200-jeunes-au-golf-dans-cinq-communautes\/","url":"https:\/\/firstteecanada.ca\/fr\/le-nouvel-atelier-mobile-de-first-tee-british-columbia-initie-plus-de-200-jeunes-au-golf-dans-cinq-communautes\/","name":"Le nouvel atelier mobile de First Tee \u2013 British Columbia initie plus de 200 jeunes au golf dans cinq communaut\u00e9s - First Tee \u2013 Canada","isPartOf":{"@id":"https:\/\/firstteecanada.ca\/fr\/#website"},"primaryImageOfPage":{"@id":"https:\/\/firstteecanada.ca\/fr\/le-nouvel-atelier-mobile-de-first-tee-british-columbia-initie-plus-de-200-jeunes-au-golf-dans-cinq-communautes\/#primaryimage"},"image":{"@id":"https:\/\/firstteecanada.ca\/fr\/le-nouvel-atelier-mobile-de-first-tee-british-columbia-initie-plus-de-200-jeunes-au-golf-dans-cinq-communautes\/#primaryimage"},"thumbnailUrl":"https:\/\/firstteecanada.ca\/wp-content\/uploads\/sites\/191\/2026\/09\/IMG_5945-scaled-e1788269412632.jpeg","datePublished":"2026-09-03T18:23:09+00:00","dateModified":"2026-09-03T18:23:13+00:00","breadcrumb":{"@id":"https:\/\/firstteecanada.ca\/fr\/le-nouvel-atelier-mobile-de-first-tee-british-columbia-initie-plus-de-200-jeunes-au-golf-dans-cinq-communautes\/#breadcrumb"},"inLanguage":"fr-FR","potentialAction":[{"@type":"ReadAction","target":["https:\/\/firstteecanada.ca\/fr\/le-nouvel-atelier-mobile-de-first-tee-british-columbia-initie-plus-de-200-jeunes-au-golf-dans-cinq-communautes\/"]}]},{"@type":"ImageObject","inLanguage":"fr-FR","@id":"https:\/\/firstteecanada.ca\/fr\/le-nouvel-atelier-mobile-de-first-tee-british-columbia-initie-plus-de-200-jeunes-au-golf-dans-cinq-communautes\/#primaryimage","url":"https:\/\/firstteecanada.ca\/wp-content\/uploads\/sites\/191\/2026\/09\/IMG_5945-scaled-e1788269412632.jpeg","contentUrl":"https:\/\/firstteecanada.ca\/wp-content\/uploads\/sites\/191\/2026\/09\/IMG_5945-scaled-e1788269412632.jpeg","width":1920,"height":2560},{"@type":"BreadcrumbList","@id":"https:\/\/firstteecanada.ca\/fr\/le-nouvel-atelier-mobile-de-first-tee-british-columbia-initie-plus-de-200-jeunes-au-golf-dans-cinq-communautes\/#breadcrumb","itemListElement":[{"@type":"ListItem","position":1,"name":"Home","item":"https:\/\/firstteecanada.ca\/fr\/"},{"@type":"ListItem","position":2,"name":"Le nouvel atelier mobile de First Tee \u2013 British Columbia initie plus de 200 jeunes au golf dans cinq communaut\u00e9s"}]},{"@type":"WebSite","@id":"https:\/\/firstteecanada.ca\/fr\/#website","url":"https:\/\/firstteecanada.ca\/fr\/","name":"First Tee \u2013 Canada","description":"D\u00e9velopper les acteurs du changement","publisher":{"@id":"https:\/\/firstteecanada.ca\/fr\/#organization"},"potentialAction":[{"@type":"SearchAction","target":{"@type":"EntryPoint","urlTemplate":"https:\/\/firstteecanada.ca\/fr\/?s={search_term_string}"},"query-input":{"@type":"PropertyValueSpecification","valueRequired":true,"valueName":"search_term_string"}}],"inLanguage":"fr-FR"},{"@type":"Organization","@id":"https:\/\/firstteecanada.ca\/fr\/#organization","name":"First Tee \u2013 Canada","url":"https:\/\/firstteecanada.ca\/fr\/","logo":{"@type":"ImageObject","inLanguage":"fr-FR","@id":"https:\/\/firstteecanada.ca\/fr\/#\/schema\/logo\/image\/","url":"https:\/\/firstteecanada.ca\/wp-content\/uploads\/sites\/191\/2025\/01\/RGB_Premier-Depart_Canada_Green-2.png","contentUrl":"https:\/\/firstteecanada.ca\/wp-content\/uploads\/sites\/191\/2025\/01\/RGB_Premier-Depart_Canada_Green-2.png","width":4460,"height":2084,"caption":"First Tee \u2013 Canada"},"image":{"@id":"https:\/\/firstteecanada.ca\/fr\/#\/schema\/logo\/image\/"},"sameAs":["https:\/\/www.facebook.com\/GolfCanada\/","https:\/\/x.com\/GolfCanada","https:\/\/www.instagram.com\/thegolfcanada\/?hl=en"]},{"@type":"Person","@id":"https:\/\/firstteecanada.ca\/fr\/#\/schema\/person\/cb328531d8f1fb5ee7249925c8fecc6a","name":"khasmatali","image":{"@type":"ImageObject","inLanguage":"fr-FR","@id":"https:\/\/secure.gravatar.com\/avatar\/fb7df890f9744018e0a6e96cf4c9df1e129a794ed4b149cf91ca9a1b603aafe6?s=96&d=mm&r=g","url":"https:\/\/secure.gravatar.com\/avatar\/fb7df890f9744018e0a6e96cf4c9df1e129a794ed4b149cf91ca9a1b603aafe6?s=96&d=mm&r=g","contentUrl":"https:\/\/secure.gravatar.com\/avatar\/fb7df890f9744018e0a6e96cf4c9df1e129a794ed4b149cf91ca9a1b603aafe6?s=96&d=mm&r=g","caption":"khasmatali"},"url":"https:\/\/firstteecanada.ca\/fr\/author\/khasmatali\/"}]}},"_links":{"self":[{"href":"https:\/\/firstteecanada.ca\/fr\/wp-json\/wp\/v2\/posts\/8620","targetHints":{"allow":["GET"]}}],"collection":[{"href":"https:\/\/firstteecanada.ca\/fr\/wp-json\/wp\/v2\/posts"}],"about":[{"href":"https:\/\/firstteecanada.ca\/fr\/wp-json\/wp\/v2\/types\/post"}],"author":[{"embeddable":true,"href":"https:\/\/firstteecanada.ca\/fr\/wp-json\/wp\/v2\/users\/6073"}],"replies":[{"embeddable":true,"href":"https:\/\/firstteecanada.ca\/fr\/wp-json\/wp\/v2\/comments?post=8620"}],"version-history":[{"count":2,"href":"https:\/\/firstteecanada.ca\/fr\/wp-json\/wp\/v2\/posts\/8620\/revisions"}],"predecessor-version":[{"id":8626,"href":"https:\/\/firstteecanada.ca\/fr\/wp-json\/wp\/v2\/posts\/8620\/revisions\/8626"}],"wp:featuredmedia":[{"embeddable":true,"href":"https:\/\/firstteecanada.ca\/fr\/wp-json\/wp\/v2\/media\/8615"}],"wp:attachment":[{"href":"https:\/\/firstteecanada.ca\/fr\/wp-json\/wp\/v2\/media?parent=8620"}],"wp:term":[{"taxonomy":"category","embeddable":true,"href":"https:\/\/firstteecanada.ca\/fr\/wp-json\/wp\/v2\/categories?post=8620"},{"taxonomy":"post_tag","embeddable":true,"href":"https:\/\/firstteecanada.ca\/fr\/wp-json\/wp\/v2\/tags?post=8620"}],"curies":[{"name":"wp","href":"https:\/\/api.w.org\/{rel}","templated":true}]}},{"id":8594,"date":"2026-08-28T14:52:16","date_gmt":"2026-08-28T19:52:16","guid":{"rendered":"https:\/\/firstteecanada.ca\/?p=8594"},"modified":"2026-08-28T14:52:18","modified_gmt":"2026-08-28T19:52:18","slug":"visages-de-first-tee-premier-depart-la-nouvelle-venue-ruth-lopez-cree-des-espaces-securitaires-ou-les-jeunes-peuvent-apprendre-et-grandir-grace-au-golf","status":"publish","type":"post","link":"https:\/\/firstteecanada.ca\/fr\/visages-de-first-tee-premier-depart-la-nouvelle-venue-ruth-lopez-cree-des-espaces-securitaires-ou-les-jeunes-peuvent-apprendre-et-grandir-grace-au-golf\/","title":{"rendered":"Visages de First Tee \u2013 Premier d\u00e9part\u00a0: La nouvelle venue Ruth Lopez cr\u00e9e des espaces s\u00e9curitaires o\u00f9 les jeunes peuvent apprendre et grandir gr\u00e2ce au golf"},"content":{"rendered":"\n<figure class=\"wp-block-image size-full\"><img loading=\"lazy\" decoding=\"async\" width=\"1024\" height=\"768\" src=\"https:\/\/firstteecanada.ca\/wp-content\/uploads\/sites\/191\/2026\/08\/Ruth-Lopez-FOFT-4x3-FR.png\" alt=\"\" class=\"wp-image-8595\" srcset=\"https:\/\/firstteecanada.ca\/wp-content\/uploads\/sites\/191\/2026\/08\/Ruth-Lopez-FOFT-4x3-FR.png 1024w, https:\/\/firstteecanada.ca\/wp-content\/uploads\/sites\/191\/2026\/08\/Ruth-Lopez-FOFT-4x3-FR-300x225.png 300w, https:\/\/firstteecanada.ca\/wp-content\/uploads\/sites\/191\/2026\/08\/Ruth-Lopez-FOFT-4x3-FR-768x576.png 768w, https:\/\/firstteecanada.ca\/wp-content\/uploads\/sites\/191\/2026\/08\/Ruth-Lopez-FOFT-4x3-FR-200x150.png 200w, https:\/\/firstteecanada.ca\/wp-content\/uploads\/sites\/191\/2026\/08\/Ruth-Lopez-FOFT-4x3-FR-400x300.png 400w, https:\/\/firstteecanada.ca\/wp-content\/uploads\/sites\/191\/2026\/08\/Ruth-Lopez-FOFT-4x3-FR-140x105.png 140w\" sizes=\"auto, (max-width: 1024px) 100vw, 1024px\" \/><\/figure>\n\n\n\n<p class=\"wp-block-paragraph\"><strong>WINNIPEG, Manitoba \u2014<\/strong> Ruth Lopez sait intimement ce que le golf peut apporter \u00e0 la confiance en soi d\u2019une jeune personne&nbsp;: elle l\u2019a vu chez sa propre fille.<\/p>\n\n\n\n<p class=\"wp-block-paragraph\">Mme Lopez est entra\u00eeneure communautaire de First Tee \u2013 Prairies et c\u2019est l\u2019exp\u00e9rience qu\u2019a v\u00e9cue sa fille gr\u00e2ce au golf qui l\u2019a attir\u00e9e vers le programme.<\/p>\n\n\n\n<p class=\"wp-block-paragraph\">\u00ab&nbsp;Ma fille est golfeuse et j\u2019ai vu \u00e0 quel point le sport l\u2019a aid\u00e9e \u00e0 se forger le caract\u00e8re et \u00e0 acqu\u00e9rir de la confiance, explique Ruth Lopez. Je voulais voir \u00e7a chez davantage d\u2019enfants et gr\u00e2ce \u00e0 ce programme, je peux en aider d\u2019autres \u00e0 vivre les m\u00eames exp\u00e9riences&nbsp;: jouer au golf, apprendre et d\u00e9velopper son caract\u00e8re et sa confiance en m\u00eame temps.&nbsp;\u00bb<\/p>\n\n\n\n<p class=\"wp-block-paragraph\">First Tee \u2013 Premier d\u00e9part Canada a demand\u00e9 \u00e0 Mme Lopez de nous parler de son exp\u00e9rience d\u2019entra\u00eeneure.<\/p>\n\n\n\n<p class=\"wp-block-paragraph\">Pour elle, ce qui distingue le plus First Tee \u2013 Premier d\u00e9part, c\u2019est que le programme ouvre la porte \u00e0 des jeunes qui, autrement, n\u2019auraient peut-\u00eatre pas eu acc\u00e8s au jeu.<\/p>\n\n\n\n<p class=\"wp-block-paragraph\">\u00ab&nbsp;\u00c7a donne la chance \u00e0 des enfants de diff\u00e9rents milieux d\u2019avoir acc\u00e8s au jeu&nbsp;\u00bb, dit-elle.<\/p>\n\n\n\n<p class=\"wp-block-paragraph\">Et c\u2019est justement cette accessibilit\u00e9 qui rend son travail d\u2019entra\u00eeneure si gratifiant.<\/p>\n\n\n\n<p class=\"wp-block-paragraph\">\u00ab&nbsp;Ce que je pr\u00e9f\u00e8re dans le fait d\u2019\u00eatre une entra\u00eeneure de First Tee \u2013 Prairies, c\u2019est de voir les enfants s\u2019amuser, prendre plaisir \u00e0 jouer et s\u2019encourager mutuellement&nbsp;\u00bb, explique Ruth Lopez.<\/p>\n\n\n\n<p class=\"wp-block-paragraph\">Au-del\u00e0 de l\u2019\u00e9lan de golf, elle souligne que les apprentissages de comp\u00e9tences de vie influencent directement la fa\u00e7on qu\u2019ont les jeunes participants de r\u00e9agir aux revers dans la vie.<\/p>\n\n\n\n<p class=\"wp-block-paragraph\">\u00ab&nbsp;Les comp\u00e9tences de vie qu\u2019enseigne First Tee \u2013 Premier d\u00e9part sont essentielles au d\u00e9veloppement des jeunes, dit Mme Lopez. J\u2019ai vu qu\u2019il est important de rester positif quand un coup ne r\u00e9ussit pas, il faut apprendre de ses erreurs et continuer d\u2019essayer, et c\u2019est pas mal ce qu\u2019on fait dans la vie.&nbsp;\u00bb<\/p>\n\n\n\n<p class=\"wp-block-paragraph\">Ruth Lopez ajoute que sa propre exp\u00e9rience de N\u00e9o-Canadienne influence sa fa\u00e7on de travailler au Tuxedo Golf Course pour faire en sorte que les s\u00e9ances soient accueillantes.<\/p>\n\n\n\n<p class=\"wp-block-paragraph\">\u00ab&nbsp;En tant que nouvelle arrivante, dit-elle, je sais l\u2019importance de se sentir bienvenue et appuy\u00e9e. Par le biais de ce programme, je peux aider d\u2019autres enfants \u00e0 se sentir inclus gr\u00e2ce au sport.&nbsp;\u00bb<\/p>\n\n\n\n<p class=\"wp-block-paragraph\">Quand on lui demande de d\u00e9crire First Tee \u2013 Premier d\u00e9part en un seul mot, Ruth Lopez r\u00e9pond&nbsp;: \u00ab&nbsp;Possibilit\u00e9.&nbsp;\u00bb<\/p>\n\n\n\n<p class=\"wp-block-paragraph\">\u00ab&nbsp;\u00c7a donne \u00e0 n\u2019importe quel enfant de n\u2019importe quel milieu la possibilit\u00e9 de prendre un b\u00e2ton de golf pour la premi\u00e8re fois, de frapper une balle et de vivre les \u00e9motions du coup, quel qu\u2019il soit, bon ou mauvais&nbsp;\u00bb, dit-elle.<\/p>\n\n\n\n<p class=\"wp-block-paragraph\">Mme Lopez ajoute que l\u2019influence de First Tee \u2013 Premier d\u00e9part va dans les deux sens. Alors qu\u2019elle se sert du golf pour enseigner des valeurs de base aux jeunes, l\u2019entra\u00eenement l\u2019a aussi aid\u00e9e \u00e0 se d\u00e9velopper.<\/p>\n\n\n\n<p class=\"wp-block-paragraph\">\u00ab&nbsp;J\u2019ai trouv\u00e9 un lieu o\u00f9 je peux grandir, moi aussi, et pas seulement en tant qu\u2019entra\u00eeneure, mais en d\u00e9veloppant d\u2019autres comp\u00e9tences que j\u2019ignorais poss\u00e9der, dit-elle. First Tee \u2013 Premier d\u00e9part m\u2019a donn\u00e9 la possibilit\u00e9 de me perfectionner personnellement.&nbsp;\u00bb<\/p>\n\n\n\n<p class=\"wp-block-paragraph\">Les entra\u00eeneurs comme Ruth Lopez incarnent ce que cela signifie de faire partie de First Tee \u2013 Premier d\u00e9part. En s\u2019inspirant de sa propre exp\u00e9rience, elle apporte passion et enthousiasme aux s\u00e9ances qu\u2019elle donne, et elle cr\u00e9e un espace s\u00e9curitaire et inclusif pour permettre aux jeunes d\u2019apprendre, de grandir et d\u2019acqu\u00e9rir des comp\u00e9tences de vie gr\u00e2ce au golf.<\/p>\n\n\n\n<p class=\"wp-block-paragraph\">Devenez entra\u00eeneur de First Tee \u2013 Premier d\u00e9part en visitant <a href=\"https:\/\/firstteecanada.ca\/fr\/impliquez-vous\/entraineur-ou-benevole\/\">firstteecanada.ca\/fr\/impliquez-vous\/entraineur-ou-benevole\/<\/a>.<\/p>\n\n\n\n<p class=\"wp-block-paragraph\">Regardez l\u2019entrevue&nbsp;:<\/p>\n\n\n\n<ul class=\"wp-block-list\">\n<li><a href=\"https:\/\/www.facebook.com\/share\/v\/1EcAKiVPGE\/?mibextid=wwXIfr\" target=\"_blank\" rel=\"noreferrer noopener\">Sur Facebook<\/a><\/li>\n\n\n\n<li><a href=\"https:\/\/x.com\/GolfCanadaFr\/status\/2081117415534899560\/video\/1?s=46\" target=\"_blank\" rel=\"noreferrer noopener\">Sur X<\/a><\/li>\n<\/ul>\n","protected":false},"excerpt":{"rendered":"<p>WINNIPEG, Manitoba \u2014 Ruth Lopez sait intimement ce que le golf peut apporter \u00e0 la confiance en soi d\u2019une jeune personne&nbsp;: elle l\u2019a vu chez sa propre fille. Mme Lopez est entra\u00eeneure communautaire de First Tee \u2013 Prairies et c\u2019est l\u2019exp\u00e9rience qu\u2019a v\u00e9cue sa fille gr\u00e2ce au golf qui l\u2019a attir\u00e9e vers le programme. \u00ab&nbsp;Ma [&hellip;]<\/p>\n","protected":false},"author":6073,"featured_media":8595,"comment_status":"closed","ping_status":"closed","sticky":false,"template":"","format":"standard","meta":{"_acf_changed":false,"footnotes":""},"categories":[56],"tags":[792,795,422,281,227,787,391,282,156,790,793,786,789,211,794,513],"class_list":["post-8594","post","type-post","status-publish","format-standard","has-post-thumbnail","hentry","category-articles-en-vedette","tag-daughter","tag-entraineure","tag-first-tee-canada","tag-first-tee-premier-depart-3","tag-first-tee-premier-depart-canada","tag-glen-lea-golf-course","tag-golf","tag-golf-canada-2","tag-golf-junior-communautaire-rbc","tag-newcomer","tag-nouvelle-venue","tag-pga-du-canada","tag-prairies","tag-programmes-de-golf-inclusifs","tag-ruth-lopez","tag-visages-de-first-tee-premier-depart"],"acf":[],"yoast_head":"<!-- This site is optimized with the Yoast SEO plugin v28.2 - https:\/\/yoast.com\/product\/yoast-seo-wordpress\/ -->\n<title>Visages de First Tee \u2013 Premier d\u00e9part\u00a0: La nouvelle venue Ruth Lopez cr\u00e9e des espaces s\u00e9curitaires o\u00f9 les jeunes peuvent apprendre et grandir gr\u00e2ce au golf - First Tee \u2013 Canada<\/title>\n<meta name=\"robots\" content=\"index, follow, max-snippet:-1, max-image-preview:large, max-video-preview:-1\" \/>\n<link rel=\"canonical\" href=\"https:\/\/firstteecanada.ca\/fr\/visages-de-first-tee-premier-depart-la-nouvelle-venue-ruth-lopez-cree-des-espaces-securitaires-ou-les-jeunes-peuvent-apprendre-et-grandir-grace-au-golf\/\" \/>\n<meta property=\"og:locale\" content=\"fr_FR\" \/>\n<meta property=\"og:type\" content=\"article\" \/>\n<meta property=\"og:title\" content=\"Visages de First Tee \u2013 Premier d\u00e9part\u00a0: La nouvelle venue Ruth Lopez cr\u00e9e des espaces s\u00e9curitaires o\u00f9 les jeunes peuvent apprendre et grandir gr\u00e2ce au golf - First Tee \u2013 Canada\" \/>\n<meta property=\"og:description\" content=\"WINNIPEG, Manitoba \u2014 Ruth Lopez sait intimement ce que le golf peut apporter \u00e0 la confiance en soi d\u2019une jeune personne&nbsp;: elle l\u2019a vu chez sa propre fille. Mme Lopez est entra\u00eeneure communautaire de First Tee \u2013 Prairies et c\u2019est l\u2019exp\u00e9rience qu\u2019a v\u00e9cue sa fille gr\u00e2ce au golf qui l\u2019a attir\u00e9e vers le programme. \u00ab&nbsp;Ma [&hellip;]\" \/>\n<meta property=\"og:url\" content=\"https:\/\/firstteecanada.ca\/fr\/visages-de-first-tee-premier-depart-la-nouvelle-venue-ruth-lopez-cree-des-espaces-securitaires-ou-les-jeunes-peuvent-apprendre-et-grandir-grace-au-golf\/\" \/>\n<meta property=\"og:site_name\" content=\"First Tee \u2013 Canada\" \/>\n<meta property=\"article:publisher\" content=\"https:\/\/www.facebook.com\/GolfCanada\/\" \/>\n<meta property=\"article:published_time\" content=\"2026-08-28T19:52:16+00:00\" \/>\n<meta property=\"article:modified_time\" content=\"2026-08-28T19:52:18+00:00\" \/>\n<meta property=\"og:image\" content=\"https:\/\/firstteecanada.ca\/wp-content\/uploads\/sites\/191\/2026\/08\/Ruth-Lopez-FOFT-4x3-FR.png\" \/>\n\t<meta property=\"og:image:width\" content=\"1024\" \/>\n\t<meta property=\"og:image:height\" content=\"768\" \/>\n\t<meta property=\"og:image:type\" content=\"image\/png\" \/>\n<meta name=\"author\" content=\"khasmatali\" \/>\n<meta name=\"twitter:card\" content=\"summary_large_image\" \/>\n<meta name=\"twitter:creator\" content=\"@GolfCanada\" \/>\n<meta name=\"twitter:site\" content=\"@GolfCanada\" \/>\n<meta name=\"twitter:label1\" content=\"\u00c9crit par\" \/>\n\t<meta name=\"twitter:data1\" content=\"khasmatali\" \/>\n\t<meta name=\"twitter:label2\" content=\"Dur\u00e9e de lecture estim\u00e9e\" \/>\n\t<meta name=\"twitter:data2\" content=\"3 minutes\" \/>\n<script type=\"application\/ld+json\" class=\"yoast-schema-graph\">{\"@context\":\"https:\\\/\\\/schema.org\",\"@graph\":[{\"@type\":\"Article\",\"@id\":\"https:\\\/\\\/firstteecanada.ca\\\/fr\\\/visages-de-first-tee-premier-depart-la-nouvelle-venue-ruth-lopez-cree-des-espaces-securitaires-ou-les-jeunes-peuvent-apprendre-et-grandir-grace-au-golf\\\/#article\",\"isPartOf\":{\"@id\":\"https:\\\/\\\/firstteecanada.ca\\\/fr\\\/visages-de-first-tee-premier-depart-la-nouvelle-venue-ruth-lopez-cree-des-espaces-securitaires-ou-les-jeunes-peuvent-apprendre-et-grandir-grace-au-golf\\\/\"},\"author\":{\"name\":\"khasmatali\",\"@id\":\"https:\\\/\\\/firstteecanada.ca\\\/fr\\\/#\\\/schema\\\/person\\\/cb328531d8f1fb5ee7249925c8fecc6a\"},\"headline\":\"Visages de First Tee \u2013 Premier d\u00e9part\u00a0: La nouvelle venue Ruth Lopez cr\u00e9e des espaces s\u00e9curitaires o\u00f9 les jeunes peuvent apprendre et grandir gr\u00e2ce au golf\",\"datePublished\":\"2026-08-28T19:52:16+00:00\",\"dateModified\":\"2026-08-28T19:52:18+00:00\",\"mainEntityOfPage\":{\"@id\":\"https:\\\/\\\/firstteecanada.ca\\\/fr\\\/visages-de-first-tee-premier-depart-la-nouvelle-venue-ruth-lopez-cree-des-espaces-securitaires-ou-les-jeunes-peuvent-apprendre-et-grandir-grace-au-golf\\\/\"},\"wordCount\":715,\"publisher\":{\"@id\":\"https:\\\/\\\/firstteecanada.ca\\\/fr\\\/#organization\"},\"image\":{\"@id\":\"https:\\\/\\\/firstteecanada.ca\\\/fr\\\/visages-de-first-tee-premier-depart-la-nouvelle-venue-ruth-lopez-cree-des-espaces-securitaires-ou-les-jeunes-peuvent-apprendre-et-grandir-grace-au-golf\\\/#primaryimage\"},\"thumbnailUrl\":\"https:\\\/\\\/firstteecanada.ca\\\/wp-content\\\/uploads\\\/sites\\\/191\\\/2026\\\/08\\\/Ruth-Lopez-FOFT-4x3-FR.png\",\"keywords\":[\"Daughter\",\"entra\u00eeneure\",\"First Tee \u2013 Canada\",\"First Tee \u2013 Premier d\u00e9part\",\"First Tee \u2013 Premier d\u00e9part Canada\",\"Glen Lea Golf Course\",\"Golf\",\"Golf Canada\",\"Golf junior communautaire RBC\",\"Newcomer\",\"nouvelle venue\",\"PGA du Canada\",\"Prairies\",\"Programmes de golf inclusifs\",\"Ruth Lopez\",\"Visages de First Tee \u2013 Premier d\u00e9part\"],\"articleSection\":[\"Articles en vedette\"],\"inLanguage\":\"fr-FR\"},{\"@type\":\"WebPage\",\"@id\":\"https:\\\/\\\/firstteecanada.ca\\\/fr\\\/visages-de-first-tee-premier-depart-la-nouvelle-venue-ruth-lopez-cree-des-espaces-securitaires-ou-les-jeunes-peuvent-apprendre-et-grandir-grace-au-golf\\\/\",\"url\":\"https:\\\/\\\/firstteecanada.ca\\\/fr\\\/visages-de-first-tee-premier-depart-la-nouvelle-venue-ruth-lopez-cree-des-espaces-securitaires-ou-les-jeunes-peuvent-apprendre-et-grandir-grace-au-golf\\\/\",\"name\":\"Visages de First Tee \u2013 Premier d\u00e9part\u00a0: La nouvelle venue Ruth Lopez cr\u00e9e des espaces s\u00e9curitaires o\u00f9 les jeunes peuvent apprendre et grandir gr\u00e2ce au golf - First Tee \u2013 Canada\",\"isPartOf\":{\"@id\":\"https:\\\/\\\/firstteecanada.ca\\\/fr\\\/#website\"},\"primaryImageOfPage\":{\"@id\":\"https:\\\/\\\/firstteecanada.ca\\\/fr\\\/visages-de-first-tee-premier-depart-la-nouvelle-venue-ruth-lopez-cree-des-espaces-securitaires-ou-les-jeunes-peuvent-apprendre-et-grandir-grace-au-golf\\\/#primaryimage\"},\"image\":{\"@id\":\"https:\\\/\\\/firstteecanada.ca\\\/fr\\\/visages-de-first-tee-premier-depart-la-nouvelle-venue-ruth-lopez-cree-des-espaces-securitaires-ou-les-jeunes-peuvent-apprendre-et-grandir-grace-au-golf\\\/#primaryimage\"},\"thumbnailUrl\":\"https:\\\/\\\/firstteecanada.ca\\\/wp-content\\\/uploads\\\/sites\\\/191\\\/2026\\\/08\\\/Ruth-Lopez-FOFT-4x3-FR.png\",\"datePublished\":\"2026-08-28T19:52:16+00:00\",\"dateModified\":\"2026-08-28T19:52:18+00:00\",\"breadcrumb\":{\"@id\":\"https:\\\/\\\/firstteecanada.ca\\\/fr\\\/visages-de-first-tee-premier-depart-la-nouvelle-venue-ruth-lopez-cree-des-espaces-securitaires-ou-les-jeunes-peuvent-apprendre-et-grandir-grace-au-golf\\\/#breadcrumb\"},\"inLanguage\":\"fr-FR\",\"potentialAction\":[{\"@type\":\"ReadAction\",\"target\":[\"https:\\\/\\\/firstteecanada.ca\\\/fr\\\/visages-de-first-tee-premier-depart-la-nouvelle-venue-ruth-lopez-cree-des-espaces-securitaires-ou-les-jeunes-peuvent-apprendre-et-grandir-grace-au-golf\\\/\"]}]},{\"@type\":\"ImageObject\",\"inLanguage\":\"fr-FR\",\"@id\":\"https:\\\/\\\/firstteecanada.ca\\\/fr\\\/visages-de-first-tee-premier-depart-la-nouvelle-venue-ruth-lopez-cree-des-espaces-securitaires-ou-les-jeunes-peuvent-apprendre-et-grandir-grace-au-golf\\\/#primaryimage\",\"url\":\"https:\\\/\\\/firstteecanada.ca\\\/wp-content\\\/uploads\\\/sites\\\/191\\\/2026\\\/08\\\/Ruth-Lopez-FOFT-4x3-FR.png\",\"contentUrl\":\"https:\\\/\\\/firstteecanada.ca\\\/wp-content\\\/uploads\\\/sites\\\/191\\\/2026\\\/08\\\/Ruth-Lopez-FOFT-4x3-FR.png\",\"width\":1024,\"height\":768},{\"@type\":\"BreadcrumbList\",\"@id\":\"https:\\\/\\\/firstteecanada.ca\\\/fr\\\/visages-de-first-tee-premier-depart-la-nouvelle-venue-ruth-lopez-cree-des-espaces-securitaires-ou-les-jeunes-peuvent-apprendre-et-grandir-grace-au-golf\\\/#breadcrumb\",\"itemListElement\":[{\"@type\":\"ListItem\",\"position\":1,\"name\":\"Home\",\"item\":\"https:\\\/\\\/firstteecanada.ca\\\/fr\\\/\"},{\"@type\":\"ListItem\",\"position\":2,\"name\":\"Visages de First Tee \u2013 Premier d\u00e9part\u00a0: La nouvelle venue Ruth Lopez cr\u00e9e des espaces s\u00e9curitaires o\u00f9 les jeunes peuvent apprendre et grandir gr\u00e2ce au golf\"}]},{\"@type\":\"WebSite\",\"@id\":\"https:\\\/\\\/firstteecanada.ca\\\/fr\\\/#website\",\"url\":\"https:\\\/\\\/firstteecanada.ca\\\/fr\\\/\",\"name\":\"First Tee \u2013 Canada\",\"description\":\"D\u00e9velopper les acteurs du changement\",\"publisher\":{\"@id\":\"https:\\\/\\\/firstteecanada.ca\\\/fr\\\/#organization\"},\"potentialAction\":[{\"@type\":\"SearchAction\",\"target\":{\"@type\":\"EntryPoint\",\"urlTemplate\":\"https:\\\/\\\/firstteecanada.ca\\\/fr\\\/?s={search_term_string}\"},\"query-input\":{\"@type\":\"PropertyValueSpecification\",\"valueRequired\":true,\"valueName\":\"search_term_string\"}}],\"inLanguage\":\"fr-FR\"},{\"@type\":\"Organization\",\"@id\":\"https:\\\/\\\/firstteecanada.ca\\\/fr\\\/#organization\",\"name\":\"First Tee \u2013 Canada\",\"url\":\"https:\\\/\\\/firstteecanada.ca\\\/fr\\\/\",\"logo\":{\"@type\":\"ImageObject\",\"inLanguage\":\"fr-FR\",\"@id\":\"https:\\\/\\\/firstteecanada.ca\\\/fr\\\/#\\\/schema\\\/logo\\\/image\\\/\",\"url\":\"https:\\\/\\\/firstteecanada.ca\\\/wp-content\\\/uploads\\\/sites\\\/191\\\/2025\\\/01\\\/RGB_Premier-Depart_Canada_Green-2.png\",\"contentUrl\":\"https:\\\/\\\/firstteecanada.ca\\\/wp-content\\\/uploads\\\/sites\\\/191\\\/2025\\\/01\\\/RGB_Premier-Depart_Canada_Green-2.png\",\"width\":4460,\"height\":2084,\"caption\":\"First Tee \u2013 Canada\"},\"image\":{\"@id\":\"https:\\\/\\\/firstteecanada.ca\\\/fr\\\/#\\\/schema\\\/logo\\\/image\\\/\"},\"sameAs\":[\"https:\\\/\\\/www.facebook.com\\\/GolfCanada\\\/\",\"https:\\\/\\\/x.com\\\/GolfCanada\",\"https:\\\/\\\/www.instagram.com\\\/thegolfcanada\\\/?hl=en\"]},{\"@type\":\"Person\",\"@id\":\"https:\\\/\\\/firstteecanada.ca\\\/fr\\\/#\\\/schema\\\/person\\\/cb328531d8f1fb5ee7249925c8fecc6a\",\"name\":\"khasmatali\",\"image\":{\"@type\":\"ImageObject\",\"inLanguage\":\"fr-FR\",\"@id\":\"https:\\\/\\\/secure.gravatar.com\\\/avatar\\\/fb7df890f9744018e0a6e96cf4c9df1e129a794ed4b149cf91ca9a1b603aafe6?s=96&d=mm&r=g\",\"url\":\"https:\\\/\\\/secure.gravatar.com\\\/avatar\\\/fb7df890f9744018e0a6e96cf4c9df1e129a794ed4b149cf91ca9a1b603aafe6?s=96&d=mm&r=g\",\"contentUrl\":\"https:\\\/\\\/secure.gravatar.com\\\/avatar\\\/fb7df890f9744018e0a6e96cf4c9df1e129a794ed4b149cf91ca9a1b603aafe6?s=96&d=mm&r=g\",\"caption\":\"khasmatali\"},\"url\":\"https:\\\/\\\/firstteecanada.ca\\\/fr\\\/author\\\/khasmatali\\\/\"}]}<\/script>\n<!-- \/ Yoast SEO plugin. -->","yoast_head_json":{"title":"Visages de First Tee \u2013 Premier d\u00e9part\u00a0: La nouvelle venue Ruth Lopez cr\u00e9e des espaces s\u00e9curitaires o\u00f9 les jeunes peuvent apprendre et grandir gr\u00e2ce au golf - First Tee \u2013 Canada","robots":{"index":"index","follow":"follow","max-snippet":"max-snippet:-1","max-image-preview":"max-image-preview:large","max-video-preview":"max-video-preview:-1"},"canonical":"https:\/\/firstteecanada.ca\/fr\/visages-de-first-tee-premier-depart-la-nouvelle-venue-ruth-lopez-cree-des-espaces-securitaires-ou-les-jeunes-peuvent-apprendre-et-grandir-grace-au-golf\/","og_locale":"fr_FR","og_type":"article","og_title":"Visages de First Tee \u2013 Premier d\u00e9part\u00a0: La nouvelle venue Ruth Lopez cr\u00e9e des espaces s\u00e9curitaires o\u00f9 les jeunes peuvent apprendre et grandir gr\u00e2ce au golf - First Tee \u2013 Canada","og_description":"WINNIPEG, Manitoba \u2014 Ruth Lopez sait intimement ce que le golf peut apporter \u00e0 la confiance en soi d\u2019une jeune personne&nbsp;: elle l\u2019a vu chez sa propre fille. Mme Lopez est entra\u00eeneure communautaire de First Tee \u2013 Prairies et c\u2019est l\u2019exp\u00e9rience qu\u2019a v\u00e9cue sa fille gr\u00e2ce au golf qui l\u2019a attir\u00e9e vers le programme. \u00ab&nbsp;Ma [&hellip;]","og_url":"https:\/\/firstteecanada.ca\/fr\/visages-de-first-tee-premier-depart-la-nouvelle-venue-ruth-lopez-cree-des-espaces-securitaires-ou-les-jeunes-peuvent-apprendre-et-grandir-grace-au-golf\/","og_site_name":"First Tee \u2013 Canada","article_publisher":"https:\/\/www.facebook.com\/GolfCanada\/","article_published_time":"2026-08-28T19:52:16+00:00","article_modified_time":"2026-08-28T19:52:18+00:00","og_image":[{"width":1024,"height":768,"url":"https:\/\/firstteecanada.ca\/wp-content\/uploads\/sites\/191\/2026\/08\/Ruth-Lopez-FOFT-4x3-FR.png","type":"image\/png"}],"author":"khasmatali","twitter_card":"summary_large_image","twitter_creator":"@GolfCanada","twitter_site":"@GolfCanada","twitter_misc":{"\u00c9crit par":"khasmatali","Dur\u00e9e de lecture estim\u00e9e":"3 minutes"},"schema":{"@context":"https:\/\/schema.org","@graph":[{"@type":"Article","@id":"https:\/\/firstteecanada.ca\/fr\/visages-de-first-tee-premier-depart-la-nouvelle-venue-ruth-lopez-cree-des-espaces-securitaires-ou-les-jeunes-peuvent-apprendre-et-grandir-grace-au-golf\/#article","isPartOf":{"@id":"https:\/\/firstteecanada.ca\/fr\/visages-de-first-tee-premier-depart-la-nouvelle-venue-ruth-lopez-cree-des-espaces-securitaires-ou-les-jeunes-peuvent-apprendre-et-grandir-grace-au-golf\/"},"author":{"name":"khasmatali","@id":"https:\/\/firstteecanada.ca\/fr\/#\/schema\/person\/cb328531d8f1fb5ee7249925c8fecc6a"},"headline":"Visages de First Tee \u2013 Premier d\u00e9part\u00a0: La nouvelle venue Ruth Lopez cr\u00e9e des espaces s\u00e9curitaires o\u00f9 les jeunes peuvent apprendre et grandir gr\u00e2ce au golf","datePublished":"2026-08-28T19:52:16+00:00","dateModified":"2026-08-28T19:52:18+00:00","mainEntityOfPage":{"@id":"https:\/\/firstteecanada.ca\/fr\/visages-de-first-tee-premier-depart-la-nouvelle-venue-ruth-lopez-cree-des-espaces-securitaires-ou-les-jeunes-peuvent-apprendre-et-grandir-grace-au-golf\/"},"wordCount":715,"publisher":{"@id":"https:\/\/firstteecanada.ca\/fr\/#organization"},"image":{"@id":"https:\/\/firstteecanada.ca\/fr\/visages-de-first-tee-premier-depart-la-nouvelle-venue-ruth-lopez-cree-des-espaces-securitaires-ou-les-jeunes-peuvent-apprendre-et-grandir-grace-au-golf\/#primaryimage"},"thumbnailUrl":"https:\/\/firstteecanada.ca\/wp-content\/uploads\/sites\/191\/2026\/08\/Ruth-Lopez-FOFT-4x3-FR.png","keywords":["Daughter","entra\u00eeneure","First Tee \u2013 Canada","First Tee \u2013 Premier d\u00e9part","First Tee \u2013 Premier d\u00e9part Canada","Glen Lea Golf Course","Golf","Golf Canada","Golf junior communautaire RBC","Newcomer","nouvelle venue","PGA du Canada","Prairies","Programmes de golf inclusifs","Ruth Lopez","Visages de First Tee \u2013 Premier d\u00e9part"],"articleSection":["Articles en vedette"],"inLanguage":"fr-FR"},{"@type":"WebPage","@id":"https:\/\/firstteecanada.ca\/fr\/visages-de-first-tee-premier-depart-la-nouvelle-venue-ruth-lopez-cree-des-espaces-securitaires-ou-les-jeunes-peuvent-apprendre-et-grandir-grace-au-golf\/","url":"https:\/\/firstteecanada.ca\/fr\/visages-de-first-tee-premier-depart-la-nouvelle-venue-ruth-lopez-cree-des-espaces-securitaires-ou-les-jeunes-peuvent-apprendre-et-grandir-grace-au-golf\/","name":"Visages de First Tee \u2013 Premier d\u00e9part\u00a0: La nouvelle venue Ruth Lopez cr\u00e9e des espaces s\u00e9curitaires o\u00f9 les jeunes peuvent apprendre et grandir gr\u00e2ce au golf - First Tee \u2013 Canada","isPartOf":{"@id":"https:\/\/firstteecanada.ca\/fr\/#website"},"primaryImageOfPage":{"@id":"https:\/\/firstteecanada.ca\/fr\/visages-de-first-tee-premier-depart-la-nouvelle-venue-ruth-lopez-cree-des-espaces-securitaires-ou-les-jeunes-peuvent-apprendre-et-grandir-grace-au-golf\/#primaryimage"},"image":{"@id":"https:\/\/firstteecanada.ca\/fr\/visages-de-first-tee-premier-depart-la-nouvelle-venue-ruth-lopez-cree-des-espaces-securitaires-ou-les-jeunes-peuvent-apprendre-et-grandir-grace-au-golf\/#primaryimage"},"thumbnailUrl":"https:\/\/firstteecanada.ca\/wp-content\/uploads\/sites\/191\/2026\/08\/Ruth-Lopez-FOFT-4x3-FR.png","datePublished":"2026-08-28T19:52:16+00:00","dateModified":"2026-08-28T19:52:18+00:00","breadcrumb":{"@id":"https:\/\/firstteecanada.ca\/fr\/visages-de-first-tee-premier-depart-la-nouvelle-venue-ruth-lopez-cree-des-espaces-securitaires-ou-les-jeunes-peuvent-apprendre-et-grandir-grace-au-golf\/#breadcrumb"},"inLanguage":"fr-FR","potentialAction":[{"@type":"ReadAction","target":["https:\/\/firstteecanada.ca\/fr\/visages-de-first-tee-premier-depart-la-nouvelle-venue-ruth-lopez-cree-des-espaces-securitaires-ou-les-jeunes-peuvent-apprendre-et-grandir-grace-au-golf\/"]}]},{"@type":"ImageObject","inLanguage":"fr-FR","@id":"https:\/\/firstteecanada.ca\/fr\/visages-de-first-tee-premier-depart-la-nouvelle-venue-ruth-lopez-cree-des-espaces-securitaires-ou-les-jeunes-peuvent-apprendre-et-grandir-grace-au-golf\/#primaryimage","url":"https:\/\/firstteecanada.ca\/wp-content\/uploads\/sites\/191\/2026\/08\/Ruth-Lopez-FOFT-4x3-FR.png","contentUrl":"https:\/\/firstteecanada.ca\/wp-content\/uploads\/sites\/191\/2026\/08\/Ruth-Lopez-FOFT-4x3-FR.png","width":1024,"height":768},{"@type":"BreadcrumbList","@id":"https:\/\/firstteecanada.ca\/fr\/visages-de-first-tee-premier-depart-la-nouvelle-venue-ruth-lopez-cree-des-espaces-securitaires-ou-les-jeunes-peuvent-apprendre-et-grandir-grace-au-golf\/#breadcrumb","itemListElement":[{"@type":"ListItem","position":1,"name":"Home","item":"https:\/\/firstteecanada.ca\/fr\/"},{"@type":"ListItem","position":2,"name":"Visages de First Tee \u2013 Premier d\u00e9part\u00a0: La nouvelle venue Ruth Lopez cr\u00e9e des espaces s\u00e9curitaires o\u00f9 les jeunes peuvent apprendre et grandir gr\u00e2ce au golf"}]},{"@type":"WebSite","@id":"https:\/\/firstteecanada.ca\/fr\/#website","url":"https:\/\/firstteecanada.ca\/fr\/","name":"First Tee \u2013 Canada","description":"D\u00e9velopper les acteurs du changement","publisher":{"@id":"https:\/\/firstteecanada.ca\/fr\/#organization"},"potentialAction":[{"@type":"SearchAction","target":{"@type":"EntryPoint","urlTemplate":"https:\/\/firstteecanada.ca\/fr\/?s={search_term_string}"},"query-input":{"@type":"PropertyValueSpecification","valueRequired":true,"valueName":"search_term_string"}}],"inLanguage":"fr-FR"},{"@type":"Organization","@id":"https:\/\/firstteecanada.ca\/fr\/#organization","name":"First Tee \u2013 Canada","url":"https:\/\/firstteecanada.ca\/fr\/","logo":{"@type":"ImageObject","inLanguage":"fr-FR","@id":"https:\/\/firstteecanada.ca\/fr\/#\/schema\/logo\/image\/","url":"https:\/\/firstteecanada.ca\/wp-content\/uploads\/sites\/191\/2025\/01\/RGB_Premier-Depart_Canada_Green-2.png","contentUrl":"https:\/\/firstteecanada.ca\/wp-content\/uploads\/sites\/191\/2025\/01\/RGB_Premier-Depart_Canada_Green-2.png","width":4460,"height":2084,"caption":"First Tee \u2013 Canada"},"image":{"@id":"https:\/\/firstteecanada.ca\/fr\/#\/schema\/logo\/image\/"},"sameAs":["https:\/\/www.facebook.com\/GolfCanada\/","https:\/\/x.com\/GolfCanada","https:\/\/www.instagram.com\/thegolfcanada\/?hl=en"]},{"@type":"Person","@id":"https:\/\/firstteecanada.ca\/fr\/#\/schema\/person\/cb328531d8f1fb5ee7249925c8fecc6a","name":"khasmatali","image":{"@type":"ImageObject","inLanguage":"fr-FR","@id":"https:\/\/secure.gravatar.com\/avatar\/fb7df890f9744018e0a6e96cf4c9df1e129a794ed4b149cf91ca9a1b603aafe6?s=96&d=mm&r=g","url":"https:\/\/secure.gravatar.com\/avatar\/fb7df890f9744018e0a6e96cf4c9df1e129a794ed4b149cf91ca9a1b603aafe6?s=96&d=mm&r=g","contentUrl":"https:\/\/secure.gravatar.com\/avatar\/fb7df890f9744018e0a6e96cf4c9df1e129a794ed4b149cf91ca9a1b603aafe6?s=96&d=mm&r=g","caption":"khasmatali"},"url":"https:\/\/firstteecanada.ca\/fr\/author\/khasmatali\/"}]}},"_links":{"self":[{"href":"https:\/\/firstteecanada.ca\/fr\/wp-json\/wp\/v2\/posts\/8594","targetHints":{"allow":["GET"]}}],"collection":[{"href":"https:\/\/firstteecanada.ca\/fr\/wp-json\/wp\/v2\/posts"}],"about":[{"href":"https:\/\/firstteecanada.ca\/fr\/wp-json\/wp\/v2\/types\/post"}],"author":[{"embeddable":true,"href":"https:\/\/firstteecanada.ca\/fr\/wp-json\/wp\/v2\/users\/6073"}],"replies":[{"embeddable":true,"href":"https:\/\/firstteecanada.ca\/fr\/wp-json\/wp\/v2\/comments?post=8594"}],"version-history":[{"count":1,"href":"https:\/\/firstteecanada.ca\/fr\/wp-json\/wp\/v2\/posts\/8594\/revisions"}],"predecessor-version":[{"id":8597,"href":"https:\/\/firstteecanada.ca\/fr\/wp-json\/wp\/v2\/posts\/8594\/revisions\/8597"}],"wp:featuredmedia":[{"embeddable":true,"href":"https:\/\/firstteecanada.ca\/fr\/wp-json\/wp\/v2\/media\/8595"}],"wp:attachment":[{"href":"https:\/\/firstteecanada.ca\/fr\/wp-json\/wp\/v2\/media?parent=8594"}],"wp:term":[{"taxonomy":"category","embeddable":true,"href":"https:\/\/firstteecanada.ca\/fr\/wp-json\/wp\/v2\/categories?post=8594"},{"taxonomy":"post_tag","embeddable":true,"href":"https:\/\/firstteecanada.ca\/fr\/wp-json\/wp\/v2\/tags?post=8594"}],"curies":[{"name":"wp","href":"https:\/\/api.w.org\/{rel}","templated":true}]}},{"id":8590,"date":"2026-08-28T14:46:59","date_gmt":"2026-08-28T19:46:59","guid":{"rendered":"https:\/\/firstteecanada.ca\/?p=8590"},"modified":"2026-08-28T14:47:03","modified_gmt":"2026-08-28T19:47:03","slug":"visages-de-first-tee-premier-depart-lentraineur-ryan-mckean-aide-les-jeunes-de-brandon-a-se-developper-grace-au-golf","status":"publish","type":"post","link":"https:\/\/firstteecanada.ca\/fr\/visages-de-first-tee-premier-depart-lentraineur-ryan-mckean-aide-les-jeunes-de-brandon-a-se-developper-grace-au-golf\/","title":{"rendered":"Visages de First Tee \u2013 Premier d\u00e9part\u00a0: L\u2019entra\u00eeneur Ryan McKean aide les jeunes de Brandon \u00e0 se d\u00e9velopper gr\u00e2ce au golf"},"content":{"rendered":"\n<figure class=\"wp-block-image size-full\"><img loading=\"lazy\" decoding=\"async\" width=\"1024\" height=\"768\" src=\"https:\/\/firstteecanada.ca\/wp-content\/uploads\/sites\/191\/2026\/08\/Ryan-McKean-FOFT-4x3-FR.jpg\" alt=\"\" class=\"wp-image-8591\" srcset=\"https:\/\/firstteecanada.ca\/wp-content\/uploads\/sites\/191\/2026\/08\/Ryan-McKean-FOFT-4x3-FR.jpg 1024w, https:\/\/firstteecanada.ca\/wp-content\/uploads\/sites\/191\/2026\/08\/Ryan-McKean-FOFT-4x3-FR-300x225.jpg 300w, https:\/\/firstteecanada.ca\/wp-content\/uploads\/sites\/191\/2026\/08\/Ryan-McKean-FOFT-4x3-FR-768x576.jpg 768w, https:\/\/firstteecanada.ca\/wp-content\/uploads\/sites\/191\/2026\/08\/Ryan-McKean-FOFT-4x3-FR-200x150.jpg 200w, https:\/\/firstteecanada.ca\/wp-content\/uploads\/sites\/191\/2026\/08\/Ryan-McKean-FOFT-4x3-FR-400x300.jpg 400w, https:\/\/firstteecanada.ca\/wp-content\/uploads\/sites\/191\/2026\/08\/Ryan-McKean-FOFT-4x3-FR-140x105.jpg 140w\" sizes=\"auto, (max-width: 1024px) 100vw, 1024px\" \/><\/figure>\n\n\n\n<p class=\"wp-block-paragraph\"><strong>BRANDON, Manitoba \u2014<\/strong> Pour Ryan McKean, l\u2019entra\u00eenement des jeunes au Glen Lea Golf Course est vite devenu l\u2019un des dimensions les plus gratifiantes de sa carri\u00e8re.<\/p>\n\n\n\n<p class=\"wp-block-paragraph\">McKean, maintenant entra\u00eeneur de First Tee \u2013 Prairies, travaillait \u00e0 obtenir son statut de professionnel de la PGA du Canada, s\u2019est joint au programme l\u2019ann\u00e9e derni\u00e8re parce qu\u2019il voulait s\u2019impliquer dans le golf junior.<\/p>\n\n\n\n<p class=\"wp-block-paragraph\">\u00ab&nbsp;Les astres \u00e9taient align\u00e9s&nbsp;\u00bb, dit-il, expliquant qu\u2019il souhaitait combiner son perfectionnement professionnel et son d\u00e9sir de participer \u00e0 l\u2019expansion du jeu \u00e0 l\u2019\u00e9chelle locale.<\/p>\n\n\n\n<p class=\"wp-block-paragraph\">McKean ajoute que ce qui distingue le plus First Tee \u2013 Premier d\u00e9part, c\u2019est l\u2019envergure du programme.<\/p>\n\n\n\n<p class=\"wp-block-paragraph\">\u00ab&nbsp;Il n\u2019y a qu\u2019\u00e0 voir comment c\u2019est bien organis\u00e9 et d\u00e9ploy\u00e9 dans tout le pays&nbsp;\u00bb, ajoute-t-il, soulignant le degr\u00e9 d\u2019implication dans le golf junior \u00e0 travers le Canada.<\/p>\n\n\n\n<p class=\"wp-block-paragraph\">Ce qu\u2019en retirent les jeunes participants va bien au-del\u00e0 des all\u00e9es de golf, explique McKean.<\/p>\n\n\n\n<p class=\"wp-block-paragraph\">\u00ab&nbsp;Pas seulement des habilet\u00e9s de golf, mais aussi d\u2019importantes comp\u00e9tences de vie comme le respect, l\u2019humilit\u00e9 et l\u2019appr\u00e9ciation des autres membres du groupe, dit-il avant d\u2019ajoute que les participants ressortent souvent des s\u00e9ances avec l\u2019enthousiasme de continuer \u00e0 apprendre le jeu.&nbsp;\u00bb<\/p>\n\n\n\n<p class=\"wp-block-paragraph\">Voil\u00e0 ce qu\u2019il trouve le plus gratifiant en tant qu\u2019entra\u00eeneur.<\/p>\n\n\n\n<p class=\"wp-block-paragraph\">\u00ab&nbsp;Voir les jeunes athl\u00e8tes s\u2019am\u00e9liorer, leur enthousiasme et tout ce qu\u2019ils apprennent en si peu de temps, explique McKean. C\u2019est formidable aussi de voir qu\u2019ils se rendent comptent qu\u2019ils s\u2019am\u00e9liorent au jeu.&nbsp;\u00bb<\/p>\n\n\n\n<p class=\"wp-block-paragraph\">McKean souligne que les programmes comme First Tee \u2013 Premier d\u00e9part joue un r\u00f4le essentiel dans le d\u00e9veloppement de la prochaine g\u00e9n\u00e9ration de golfeurs.<\/p>\n\n\n\n<p class=\"wp-block-paragraph\">\u00ab&nbsp;Nous tous, en tant qu\u2019entra\u00eeneurs et enseignants, on essaie de faire progresser le jeu de golf et de rejoindre les jeunes, dit-il. C\u2019est la prochaine g\u00e9n\u00e9ration de golfeurs qui \u00e9merge et le fait d\u2019avoir ces programmes qui leur sont offerts, c\u2019est la meilleure fa\u00e7on de faire progresser le sport.&nbsp;\u00bb<\/p>\n\n\n\n<p class=\"wp-block-paragraph\">L\u2019accessibilit\u00e9 est selon lui au centre de cette mission.<\/p>\n\n\n\n<p class=\"wp-block-paragraph\">\u00ab&nbsp;On veut faire en sorte que ce soit aussi accessible que possible pour tous, afin que tous aient la chance de participer&nbsp;\u00bb, ajoute McKean.<\/p>\n\n\n\n<p class=\"wp-block-paragraph\">Quand on lui demande de d\u00e9crire First Tee \u2013 Premier d\u00e9part en un seul mot, McKean r\u00e9pond&nbsp;: \u00ab&nbsp;Innovant.&nbsp;\u00bb<\/p>\n\n\n\n<p class=\"wp-block-paragraph\">\u00ab&nbsp;Il existe beaucoup de programmes de golf junior, pr\u00e9cise-t-il, mais quand on voit la port\u00e9e de First Tee \u2013 Premier d\u00e9part dans l\u2019ensemble du Canada et m\u00eame aux \u00c9tats-Unis, on constate que c\u2019est le programme de golf junior le mieux connu, partout. Et ils am\u00e8nent \u00e7a \u00e0 un niveau sup\u00e9rieur en int\u00e9grant des comp\u00e9tences de vie qu\u2019il est crucial d\u2019apprendre pour les jeunes.&nbsp;\u00bb<\/p>\n\n\n\n<p class=\"wp-block-paragraph\">\u00c0 l\u2019aube de sa deuxi\u00e8me saison avec First Tee \u2013 Prairies au Glen Lea, McKean avoue qu\u2019il a h\u00e2te de poursuivre ce travail.<\/p>\n\n\n\n<p class=\"wp-block-paragraph\">\u00ab&nbsp;Je suis vraiment excit\u00e9 d\u2019entamer une deuxi\u00e8me ann\u00e9e ici au Glen Lea Golf Course et de continuer d\u2019entra\u00eener et d\u2019enseigner \u00e0 la prochaine g\u00e9n\u00e9ration de golfeurs&nbsp;\u00bb, dit-il.<\/p>\n\n\n\n<p class=\"wp-block-paragraph\">Gr\u00e2ce \u00e0 son travail avec First Tee \u2013 Prairies, McKean aide les jeunes de Brandon \u00e0 perfectionner leurs habilet\u00e9s au golf tout en acqu\u00e9rant les comp\u00e9tences de vie qui font partie du jeu.<\/p>\n\n\n\n<p class=\"wp-block-paragraph\">Devenez entra\u00eeneur de First Tee \u2013 Premier d\u00e9part en visitant <a href=\"https:\/\/firstteecanada.ca\/fr\/impliquez-vous\/entraineur-ou-benevole\/\">firstteecanada.ca\/fr\/impliquez-vous\/entraineur-ou-benevole\/<\/a>.<\/p>\n\n\n\n<p class=\"wp-block-paragraph\">Regardez l\u2019entrevue&nbsp;:<\/p>\n\n\n\n<ul class=\"wp-block-list\">\n<li><a href=\"https:\/\/www.facebook.com\/share\/v\/1XeL1sPyPx\/?mibextid=wwXIfr\" data-type=\"link\" data-id=\"https:\/\/www.facebook.com\/share\/v\/1XeL1sPyPx\/?mibextid=wwXIfr\" target=\"_blank\" rel=\"noreferrer noopener\">Sur Facebook<\/a><\/li>\n\n\n\n<li><a href=\"https:\/\/x.com\/GolfCanadaFr\/status\/2059010495495979213\/video\/1?s=46\">Sur X<\/a><\/li>\n<\/ul>\n","protected":false},"excerpt":{"rendered":"<p>BRANDON, Manitoba \u2014 Pour Ryan McKean, l\u2019entra\u00eenement des jeunes au Glen Lea Golf Course est vite devenu l\u2019un des dimensions les plus gratifiantes de sa carri\u00e8re. McKean, maintenant entra\u00eeneur de First Tee \u2013 Prairies, travaillait \u00e0 obtenir son statut de professionnel de la PGA du Canada, s\u2019est joint au programme l\u2019ann\u00e9e derni\u00e8re parce qu\u2019il voulait [&hellip;]<\/p>\n","protected":false},"author":6073,"featured_media":8591,"comment_status":"closed","ping_status":"closed","sticky":false,"template":"","format":"standard","meta":{"_acf_changed":false,"footnotes":""},"categories":[56],"tags":[785,422,281,227,787,391,282,156,786,211,783,513],"class_list":["post-8590","post","type-post","status-publish","format-standard","has-post-thumbnail","hentry","category-articles-en-vedette","tag-brandon","tag-first-tee-canada","tag-first-tee-premier-depart-3","tag-first-tee-premier-depart-canada","tag-glen-lea-golf-course","tag-golf","tag-golf-canada-2","tag-golf-junior-communautaire-rbc","tag-pga-du-canada","tag-programmes-de-golf-inclusifs","tag-ryan-mckean","tag-visages-de-first-tee-premier-depart"],"acf":[],"yoast_head":"<!-- This site is optimized with the Yoast SEO plugin v28.2 - https:\/\/yoast.com\/product\/yoast-seo-wordpress\/ -->\n<title>Visages de First Tee \u2013 Premier d\u00e9part\u00a0: L\u2019entra\u00eeneur Ryan McKean aide les jeunes de Brandon \u00e0 se d\u00e9velopper gr\u00e2ce au golf - First Tee \u2013 Canada<\/title>\n<meta name=\"robots\" content=\"index, follow, max-snippet:-1, max-image-preview:large, max-video-preview:-1\" \/>\n<link rel=\"canonical\" href=\"https:\/\/firstteecanada.ca\/fr\/visages-de-first-tee-premier-depart-lentraineur-ryan-mckean-aide-les-jeunes-de-brandon-a-se-developper-grace-au-golf\/\" \/>\n<meta property=\"og:locale\" content=\"fr_FR\" \/>\n<meta property=\"og:type\" content=\"article\" \/>\n<meta property=\"og:title\" content=\"Visages de First Tee \u2013 Premier d\u00e9part\u00a0: L\u2019entra\u00eeneur Ryan McKean aide les jeunes de Brandon \u00e0 se d\u00e9velopper gr\u00e2ce au golf - First Tee \u2013 Canada\" \/>\n<meta property=\"og:description\" content=\"BRANDON, Manitoba \u2014 Pour Ryan McKean, l\u2019entra\u00eenement des jeunes au Glen Lea Golf Course est vite devenu l\u2019un des dimensions les plus gratifiantes de sa carri\u00e8re. McKean, maintenant entra\u00eeneur de First Tee \u2013 Prairies, travaillait \u00e0 obtenir son statut de professionnel de la PGA du Canada, s\u2019est joint au programme l\u2019ann\u00e9e derni\u00e8re parce qu\u2019il voulait [&hellip;]\" \/>\n<meta property=\"og:url\" content=\"https:\/\/firstteecanada.ca\/fr\/visages-de-first-tee-premier-depart-lentraineur-ryan-mckean-aide-les-jeunes-de-brandon-a-se-developper-grace-au-golf\/\" \/>\n<meta property=\"og:site_name\" content=\"First Tee \u2013 Canada\" \/>\n<meta property=\"article:publisher\" content=\"https:\/\/www.facebook.com\/GolfCanada\/\" \/>\n<meta property=\"article:published_time\" content=\"2026-08-28T19:46:59+00:00\" \/>\n<meta property=\"article:modified_time\" content=\"2026-08-28T19:47:03+00:00\" \/>\n<meta property=\"og:image\" content=\"https:\/\/firstteecanada.ca\/wp-content\/uploads\/sites\/191\/2026\/08\/Ryan-McKean-FOFT-4x3-FR.jpg\" \/>\n\t<meta property=\"og:image:width\" content=\"1024\" \/>\n\t<meta property=\"og:image:height\" content=\"768\" \/>\n\t<meta property=\"og:image:type\" content=\"image\/jpeg\" \/>\n<meta name=\"author\" content=\"khasmatali\" \/>\n<meta name=\"twitter:card\" content=\"summary_large_image\" \/>\n<meta name=\"twitter:creator\" content=\"@GolfCanada\" \/>\n<meta name=\"twitter:site\" content=\"@GolfCanada\" \/>\n<meta name=\"twitter:label1\" content=\"\u00c9crit par\" \/>\n\t<meta name=\"twitter:data1\" content=\"khasmatali\" \/>\n\t<meta name=\"twitter:label2\" content=\"Dur\u00e9e de lecture estim\u00e9e\" \/>\n\t<meta name=\"twitter:data2\" content=\"3 minutes\" \/>\n<script type=\"application\/ld+json\" class=\"yoast-schema-graph\">{\"@context\":\"https:\\\/\\\/schema.org\",\"@graph\":[{\"@type\":\"Article\",\"@id\":\"https:\\\/\\\/firstteecanada.ca\\\/fr\\\/visages-de-first-tee-premier-depart-lentraineur-ryan-mckean-aide-les-jeunes-de-brandon-a-se-developper-grace-au-golf\\\/#article\",\"isPartOf\":{\"@id\":\"https:\\\/\\\/firstteecanada.ca\\\/fr\\\/visages-de-first-tee-premier-depart-lentraineur-ryan-mckean-aide-les-jeunes-de-brandon-a-se-developper-grace-au-golf\\\/\"},\"author\":{\"name\":\"khasmatali\",\"@id\":\"https:\\\/\\\/firstteecanada.ca\\\/fr\\\/#\\\/schema\\\/person\\\/cb328531d8f1fb5ee7249925c8fecc6a\"},\"headline\":\"Visages de First Tee \u2013 Premier d\u00e9part\u00a0: L\u2019entra\u00eeneur Ryan McKean aide les jeunes de Brandon \u00e0 se d\u00e9velopper gr\u00e2ce au golf\",\"datePublished\":\"2026-08-28T19:46:59+00:00\",\"dateModified\":\"2026-08-28T19:47:03+00:00\",\"mainEntityOfPage\":{\"@id\":\"https:\\\/\\\/firstteecanada.ca\\\/fr\\\/visages-de-first-tee-premier-depart-lentraineur-ryan-mckean-aide-les-jeunes-de-brandon-a-se-developper-grace-au-golf\\\/\"},\"wordCount\":637,\"publisher\":{\"@id\":\"https:\\\/\\\/firstteecanada.ca\\\/fr\\\/#organization\"},\"image\":{\"@id\":\"https:\\\/\\\/firstteecanada.ca\\\/fr\\\/visages-de-first-tee-premier-depart-lentraineur-ryan-mckean-aide-les-jeunes-de-brandon-a-se-developper-grace-au-golf\\\/#primaryimage\"},\"thumbnailUrl\":\"https:\\\/\\\/firstteecanada.ca\\\/wp-content\\\/uploads\\\/sites\\\/191\\\/2026\\\/08\\\/Ryan-McKean-FOFT-4x3-FR.jpg\",\"keywords\":[\"Brandon\",\"First Tee \u2013 Canada\",\"First Tee \u2013 Premier d\u00e9part\",\"First Tee \u2013 Premier d\u00e9part Canada\",\"Glen Lea Golf Course\",\"Golf\",\"Golf Canada\",\"Golf junior communautaire RBC\",\"PGA du Canada\",\"Programmes de golf inclusifs\",\"Ryan McKean\",\"Visages de First Tee \u2013 Premier d\u00e9part\"],\"articleSection\":[\"Articles en vedette\"],\"inLanguage\":\"fr-FR\"},{\"@type\":\"WebPage\",\"@id\":\"https:\\\/\\\/firstteecanada.ca\\\/fr\\\/visages-de-first-tee-premier-depart-lentraineur-ryan-mckean-aide-les-jeunes-de-brandon-a-se-developper-grace-au-golf\\\/\",\"url\":\"https:\\\/\\\/firstteecanada.ca\\\/fr\\\/visages-de-first-tee-premier-depart-lentraineur-ryan-mckean-aide-les-jeunes-de-brandon-a-se-developper-grace-au-golf\\\/\",\"name\":\"Visages de First Tee \u2013 Premier d\u00e9part\u00a0: L\u2019entra\u00eeneur Ryan McKean aide les jeunes de Brandon \u00e0 se d\u00e9velopper gr\u00e2ce au golf - First Tee \u2013 Canada\",\"isPartOf\":{\"@id\":\"https:\\\/\\\/firstteecanada.ca\\\/fr\\\/#website\"},\"primaryImageOfPage\":{\"@id\":\"https:\\\/\\\/firstteecanada.ca\\\/fr\\\/visages-de-first-tee-premier-depart-lentraineur-ryan-mckean-aide-les-jeunes-de-brandon-a-se-developper-grace-au-golf\\\/#primaryimage\"},\"image\":{\"@id\":\"https:\\\/\\\/firstteecanada.ca\\\/fr\\\/visages-de-first-tee-premier-depart-lentraineur-ryan-mckean-aide-les-jeunes-de-brandon-a-se-developper-grace-au-golf\\\/#primaryimage\"},\"thumbnailUrl\":\"https:\\\/\\\/firstteecanada.ca\\\/wp-content\\\/uploads\\\/sites\\\/191\\\/2026\\\/08\\\/Ryan-McKean-FOFT-4x3-FR.jpg\",\"datePublished\":\"2026-08-28T19:46:59+00:00\",\"dateModified\":\"2026-08-28T19:47:03+00:00\",\"breadcrumb\":{\"@id\":\"https:\\\/\\\/firstteecanada.ca\\\/fr\\\/visages-de-first-tee-premier-depart-lentraineur-ryan-mckean-aide-les-jeunes-de-brandon-a-se-developper-grace-au-golf\\\/#breadcrumb\"},\"inLanguage\":\"fr-FR\",\"potentialAction\":[{\"@type\":\"ReadAction\",\"target\":[\"https:\\\/\\\/firstteecanada.ca\\\/fr\\\/visages-de-first-tee-premier-depart-lentraineur-ryan-mckean-aide-les-jeunes-de-brandon-a-se-developper-grace-au-golf\\\/\"]}]},{\"@type\":\"ImageObject\",\"inLanguage\":\"fr-FR\",\"@id\":\"https:\\\/\\\/firstteecanada.ca\\\/fr\\\/visages-de-first-tee-premier-depart-lentraineur-ryan-mckean-aide-les-jeunes-de-brandon-a-se-developper-grace-au-golf\\\/#primaryimage\",\"url\":\"https:\\\/\\\/firstteecanada.ca\\\/wp-content\\\/uploads\\\/sites\\\/191\\\/2026\\\/08\\\/Ryan-McKean-FOFT-4x3-FR.jpg\",\"contentUrl\":\"https:\\\/\\\/firstteecanada.ca\\\/wp-content\\\/uploads\\\/sites\\\/191\\\/2026\\\/08\\\/Ryan-McKean-FOFT-4x3-FR.jpg\",\"width\":1024,\"height\":768},{\"@type\":\"BreadcrumbList\",\"@id\":\"https:\\\/\\\/firstteecanada.ca\\\/fr\\\/visages-de-first-tee-premier-depart-lentraineur-ryan-mckean-aide-les-jeunes-de-brandon-a-se-developper-grace-au-golf\\\/#breadcrumb\",\"itemListElement\":[{\"@type\":\"ListItem\",\"position\":1,\"name\":\"Home\",\"item\":\"https:\\\/\\\/firstteecanada.ca\\\/fr\\\/\"},{\"@type\":\"ListItem\",\"position\":2,\"name\":\"Visages de First Tee \u2013 Premier d\u00e9part\u00a0: L\u2019entra\u00eeneur Ryan McKean aide les jeunes de Brandon \u00e0 se d\u00e9velopper gr\u00e2ce au golf\"}]},{\"@type\":\"WebSite\",\"@id\":\"https:\\\/\\\/firstteecanada.ca\\\/fr\\\/#website\",\"url\":\"https:\\\/\\\/firstteecanada.ca\\\/fr\\\/\",\"name\":\"First Tee \u2013 Canada\",\"description\":\"D\u00e9velopper les acteurs du changement\",\"publisher\":{\"@id\":\"https:\\\/\\\/firstteecanada.ca\\\/fr\\\/#organization\"},\"potentialAction\":[{\"@type\":\"SearchAction\",\"target\":{\"@type\":\"EntryPoint\",\"urlTemplate\":\"https:\\\/\\\/firstteecanada.ca\\\/fr\\\/?s={search_term_string}\"},\"query-input\":{\"@type\":\"PropertyValueSpecification\",\"valueRequired\":true,\"valueName\":\"search_term_string\"}}],\"inLanguage\":\"fr-FR\"},{\"@type\":\"Organization\",\"@id\":\"https:\\\/\\\/firstteecanada.ca\\\/fr\\\/#organization\",\"name\":\"First Tee \u2013 Canada\",\"url\":\"https:\\\/\\\/firstteecanada.ca\\\/fr\\\/\",\"logo\":{\"@type\":\"ImageObject\",\"inLanguage\":\"fr-FR\",\"@id\":\"https:\\\/\\\/firstteecanada.ca\\\/fr\\\/#\\\/schema\\\/logo\\\/image\\\/\",\"url\":\"https:\\\/\\\/firstteecanada.ca\\\/wp-content\\\/uploads\\\/sites\\\/191\\\/2025\\\/01\\\/RGB_Premier-Depart_Canada_Green-2.png\",\"contentUrl\":\"https:\\\/\\\/firstteecanada.ca\\\/wp-content\\\/uploads\\\/sites\\\/191\\\/2025\\\/01\\\/RGB_Premier-Depart_Canada_Green-2.png\",\"width\":4460,\"height\":2084,\"caption\":\"First Tee \u2013 Canada\"},\"image\":{\"@id\":\"https:\\\/\\\/firstteecanada.ca\\\/fr\\\/#\\\/schema\\\/logo\\\/image\\\/\"},\"sameAs\":[\"https:\\\/\\\/www.facebook.com\\\/GolfCanada\\\/\",\"https:\\\/\\\/x.com\\\/GolfCanada\",\"https:\\\/\\\/www.instagram.com\\\/thegolfcanada\\\/?hl=en\"]},{\"@type\":\"Person\",\"@id\":\"https:\\\/\\\/firstteecanada.ca\\\/fr\\\/#\\\/schema\\\/person\\\/cb328531d8f1fb5ee7249925c8fecc6a\",\"name\":\"khasmatali\",\"image\":{\"@type\":\"ImageObject\",\"inLanguage\":\"fr-FR\",\"@id\":\"https:\\\/\\\/secure.gravatar.com\\\/avatar\\\/fb7df890f9744018e0a6e96cf4c9df1e129a794ed4b149cf91ca9a1b603aafe6?s=96&d=mm&r=g\",\"url\":\"https:\\\/\\\/secure.gravatar.com\\\/avatar\\\/fb7df890f9744018e0a6e96cf4c9df1e129a794ed4b149cf91ca9a1b603aafe6?s=96&d=mm&r=g\",\"contentUrl\":\"https:\\\/\\\/secure.gravatar.com\\\/avatar\\\/fb7df890f9744018e0a6e96cf4c9df1e129a794ed4b149cf91ca9a1b603aafe6?s=96&d=mm&r=g\",\"caption\":\"khasmatali\"},\"url\":\"https:\\\/\\\/firstteecanada.ca\\\/fr\\\/author\\\/khasmatali\\\/\"}]}<\/script>\n<!-- \/ Yoast SEO plugin. -->","yoast_head_json":{"title":"Visages de First Tee \u2013 Premier d\u00e9part\u00a0: L\u2019entra\u00eeneur Ryan McKean aide les jeunes de Brandon \u00e0 se d\u00e9velopper gr\u00e2ce au golf - First Tee \u2013 Canada","robots":{"index":"index","follow":"follow","max-snippet":"max-snippet:-1","max-image-preview":"max-image-preview:large","max-video-preview":"max-video-preview:-1"},"canonical":"https:\/\/firstteecanada.ca\/fr\/visages-de-first-tee-premier-depart-lentraineur-ryan-mckean-aide-les-jeunes-de-brandon-a-se-developper-grace-au-golf\/","og_locale":"fr_FR","og_type":"article","og_title":"Visages de First Tee \u2013 Premier d\u00e9part\u00a0: L\u2019entra\u00eeneur Ryan McKean aide les jeunes de Brandon \u00e0 se d\u00e9velopper gr\u00e2ce au golf - First Tee \u2013 Canada","og_description":"BRANDON, Manitoba \u2014 Pour Ryan McKean, l\u2019entra\u00eenement des jeunes au Glen Lea Golf Course est vite devenu l\u2019un des dimensions les plus gratifiantes de sa carri\u00e8re. McKean, maintenant entra\u00eeneur de First Tee \u2013 Prairies, travaillait \u00e0 obtenir son statut de professionnel de la PGA du Canada, s\u2019est joint au programme l\u2019ann\u00e9e derni\u00e8re parce qu\u2019il voulait [&hellip;]","og_url":"https:\/\/firstteecanada.ca\/fr\/visages-de-first-tee-premier-depart-lentraineur-ryan-mckean-aide-les-jeunes-de-brandon-a-se-developper-grace-au-golf\/","og_site_name":"First Tee \u2013 Canada","article_publisher":"https:\/\/www.facebook.com\/GolfCanada\/","article_published_time":"2026-08-28T19:46:59+00:00","article_modified_time":"2026-08-28T19:47:03+00:00","og_image":[{"width":1024,"height":768,"url":"https:\/\/firstteecanada.ca\/wp-content\/uploads\/sites\/191\/2026\/08\/Ryan-McKean-FOFT-4x3-FR.jpg","type":"image\/jpeg"}],"author":"khasmatali","twitter_card":"summary_large_image","twitter_creator":"@GolfCanada","twitter_site":"@GolfCanada","twitter_misc":{"\u00c9crit par":"khasmatali","Dur\u00e9e de lecture estim\u00e9e":"3 minutes"},"schema":{"@context":"https:\/\/schema.org","@graph":[{"@type":"Article","@id":"https:\/\/firstteecanada.ca\/fr\/visages-de-first-tee-premier-depart-lentraineur-ryan-mckean-aide-les-jeunes-de-brandon-a-se-developper-grace-au-golf\/#article","isPartOf":{"@id":"https:\/\/firstteecanada.ca\/fr\/visages-de-first-tee-premier-depart-lentraineur-ryan-mckean-aide-les-jeunes-de-brandon-a-se-developper-grace-au-golf\/"},"author":{"name":"khasmatali","@id":"https:\/\/firstteecanada.ca\/fr\/#\/schema\/person\/cb328531d8f1fb5ee7249925c8fecc6a"},"headline":"Visages de First Tee \u2013 Premier d\u00e9part\u00a0: L\u2019entra\u00eeneur Ryan McKean aide les jeunes de Brandon \u00e0 se d\u00e9velopper gr\u00e2ce au golf","datePublished":"2026-08-28T19:46:59+00:00","dateModified":"2026-08-28T19:47:03+00:00","mainEntityOfPage":{"@id":"https:\/\/firstteecanada.ca\/fr\/visages-de-first-tee-premier-depart-lentraineur-ryan-mckean-aide-les-jeunes-de-brandon-a-se-developper-grace-au-golf\/"},"wordCount":637,"publisher":{"@id":"https:\/\/firstteecanada.ca\/fr\/#organization"},"image":{"@id":"https:\/\/firstteecanada.ca\/fr\/visages-de-first-tee-premier-depart-lentraineur-ryan-mckean-aide-les-jeunes-de-brandon-a-se-developper-grace-au-golf\/#primaryimage"},"thumbnailUrl":"https:\/\/firstteecanada.ca\/wp-content\/uploads\/sites\/191\/2026\/08\/Ryan-McKean-FOFT-4x3-FR.jpg","keywords":["Brandon","First Tee \u2013 Canada","First Tee \u2013 Premier d\u00e9part","First Tee \u2013 Premier d\u00e9part Canada","Glen Lea Golf Course","Golf","Golf Canada","Golf junior communautaire RBC","PGA du Canada","Programmes de golf inclusifs","Ryan McKean","Visages de First Tee \u2013 Premier d\u00e9part"],"articleSection":["Articles en vedette"],"inLanguage":"fr-FR"},{"@type":"WebPage","@id":"https:\/\/firstteecanada.ca\/fr\/visages-de-first-tee-premier-depart-lentraineur-ryan-mckean-aide-les-jeunes-de-brandon-a-se-developper-grace-au-golf\/","url":"https:\/\/firstteecanada.ca\/fr\/visages-de-first-tee-premier-depart-lentraineur-ryan-mckean-aide-les-jeunes-de-brandon-a-se-developper-grace-au-golf\/","name":"Visages de First Tee \u2013 Premier d\u00e9part\u00a0: L\u2019entra\u00eeneur Ryan McKean aide les jeunes de Brandon \u00e0 se d\u00e9velopper gr\u00e2ce au golf - First Tee \u2013 Canada","isPartOf":{"@id":"https:\/\/firstteecanada.ca\/fr\/#website"},"primaryImageOfPage":{"@id":"https:\/\/firstteecanada.ca\/fr\/visages-de-first-tee-premier-depart-lentraineur-ryan-mckean-aide-les-jeunes-de-brandon-a-se-developper-grace-au-golf\/#primaryimage"},"image":{"@id":"https:\/\/firstteecanada.ca\/fr\/visages-de-first-tee-premier-depart-lentraineur-ryan-mckean-aide-les-jeunes-de-brandon-a-se-developper-grace-au-golf\/#primaryimage"},"thumbnailUrl":"https:\/\/firstteecanada.ca\/wp-content\/uploads\/sites\/191\/2026\/08\/Ryan-McKean-FOFT-4x3-FR.jpg","datePublished":"2026-08-28T19:46:59+00:00","dateModified":"2026-08-28T19:47:03+00:00","breadcrumb":{"@id":"https:\/\/firstteecanada.ca\/fr\/visages-de-first-tee-premier-depart-lentraineur-ryan-mckean-aide-les-jeunes-de-brandon-a-se-developper-grace-au-golf\/#breadcrumb"},"inLanguage":"fr-FR","potentialAction":[{"@type":"ReadAction","target":["https:\/\/firstteecanada.ca\/fr\/visages-de-first-tee-premier-depart-lentraineur-ryan-mckean-aide-les-jeunes-de-brandon-a-se-developper-grace-au-golf\/"]}]},{"@type":"ImageObject","inLanguage":"fr-FR","@id":"https:\/\/firstteecanada.ca\/fr\/visages-de-first-tee-premier-depart-lentraineur-ryan-mckean-aide-les-jeunes-de-brandon-a-se-developper-grace-au-golf\/#primaryimage","url":"https:\/\/firstteecanada.ca\/wp-content\/uploads\/sites\/191\/2026\/08\/Ryan-McKean-FOFT-4x3-FR.jpg","contentUrl":"https:\/\/firstteecanada.ca\/wp-content\/uploads\/sites\/191\/2026\/08\/Ryan-McKean-FOFT-4x3-FR.jpg","width":1024,"height":768},{"@type":"BreadcrumbList","@id":"https:\/\/firstteecanada.ca\/fr\/visages-de-first-tee-premier-depart-lentraineur-ryan-mckean-aide-les-jeunes-de-brandon-a-se-developper-grace-au-golf\/#breadcrumb","itemListElement":[{"@type":"ListItem","position":1,"name":"Home","item":"https:\/\/firstteecanada.ca\/fr\/"},{"@type":"ListItem","position":2,"name":"Visages de First Tee \u2013 Premier d\u00e9part\u00a0: L\u2019entra\u00eeneur Ryan McKean aide les jeunes de Brandon \u00e0 se d\u00e9velopper gr\u00e2ce au golf"}]},{"@type":"WebSite","@id":"https:\/\/firstteecanada.ca\/fr\/#website","url":"https:\/\/firstteecanada.ca\/fr\/","name":"First Tee \u2013 Canada","description":"D\u00e9velopper les acteurs du changement","publisher":{"@id":"https:\/\/firstteecanada.ca\/fr\/#organization"},"potentialAction":[{"@type":"SearchAction","target":{"@type":"EntryPoint","urlTemplate":"https:\/\/firstteecanada.ca\/fr\/?s={search_term_string}"},"query-input":{"@type":"PropertyValueSpecification","valueRequired":true,"valueName":"search_term_string"}}],"inLanguage":"fr-FR"},{"@type":"Organization","@id":"https:\/\/firstteecanada.ca\/fr\/#organization","name":"First Tee \u2013 Canada","url":"https:\/\/firstteecanada.ca\/fr\/","logo":{"@type":"ImageObject","inLanguage":"fr-FR","@id":"https:\/\/firstteecanada.ca\/fr\/#\/schema\/logo\/image\/","url":"https:\/\/firstteecanada.ca\/wp-content\/uploads\/sites\/191\/2025\/01\/RGB_Premier-Depart_Canada_Green-2.png","contentUrl":"https:\/\/firstteecanada.ca\/wp-content\/uploads\/sites\/191\/2025\/01\/RGB_Premier-Depart_Canada_Green-2.png","width":4460,"height":2084,"caption":"First Tee \u2013 Canada"},"image":{"@id":"https:\/\/firstteecanada.ca\/fr\/#\/schema\/logo\/image\/"},"sameAs":["https:\/\/www.facebook.com\/GolfCanada\/","https:\/\/x.com\/GolfCanada","https:\/\/www.instagram.com\/thegolfcanada\/?hl=en"]},{"@type":"Person","@id":"https:\/\/firstteecanada.ca\/fr\/#\/schema\/person\/cb328531d8f1fb5ee7249925c8fecc6a","name":"khasmatali","image":{"@type":"ImageObject","inLanguage":"fr-FR","@id":"https:\/\/secure.gravatar.com\/avatar\/fb7df890f9744018e0a6e96cf4c9df1e129a794ed4b149cf91ca9a1b603aafe6?s=96&d=mm&r=g","url":"https:\/\/secure.gravatar.com\/avatar\/fb7df890f9744018e0a6e96cf4c9df1e129a794ed4b149cf91ca9a1b603aafe6?s=96&d=mm&r=g","contentUrl":"https:\/\/secure.gravatar.com\/avatar\/fb7df890f9744018e0a6e96cf4c9df1e129a794ed4b149cf91ca9a1b603aafe6?s=96&d=mm&r=g","caption":"khasmatali"},"url":"https:\/\/firstteecanada.ca\/fr\/author\/khasmatali\/"}]}},"_links":{"self":[{"href":"https:\/\/firstteecanada.ca\/fr\/wp-json\/wp\/v2\/posts\/8590","targetHints":{"allow":["GET"]}}],"collection":[{"href":"https:\/\/firstteecanada.ca\/fr\/wp-json\/wp\/v2\/posts"}],"about":[{"href":"https:\/\/firstteecanada.ca\/fr\/wp-json\/wp\/v2\/types\/post"}],"author":[{"embeddable":true,"href":"https:\/\/firstteecanada.ca\/fr\/wp-json\/wp\/v2\/users\/6073"}],"replies":[{"embeddable":true,"href":"https:\/\/firstteecanada.ca\/fr\/wp-json\/wp\/v2\/comments?post=8590"}],"version-history":[{"count":1,"href":"https:\/\/firstteecanada.ca\/fr\/wp-json\/wp\/v2\/posts\/8590\/revisions"}],"predecessor-version":[{"id":8593,"href":"https:\/\/firstteecanada.ca\/fr\/wp-json\/wp\/v2\/posts\/8590\/revisions\/8593"}],"wp:featuredmedia":[{"embeddable":true,"href":"https:\/\/firstteecanada.ca\/fr\/wp-json\/wp\/v2\/media\/8591"}],"wp:attachment":[{"href":"https:\/\/firstteecanada.ca\/fr\/wp-json\/wp\/v2\/media?parent=8590"}],"wp:term":[{"taxonomy":"category","embeddable":true,"href":"https:\/\/firstteecanada.ca\/fr\/wp-json\/wp\/v2\/categories?post=8590"},{"taxonomy":"post_tag","embeddable":true,"href":"https:\/\/firstteecanada.ca\/fr\/wp-json\/wp\/v2\/tags?post=8590"}],"curies":[{"name":"wp","href":"https:\/\/api.w.org\/{rel}","templated":true}]}},{"id":8508,"date":"2026-07-14T08:57:10","date_gmt":"2026-07-14T13:57:10","guid":{"rendered":"https:\/\/firstteecanada.ca\/?p=8508"},"modified":"2026-07-14T08:57:12","modified_gmt":"2026-07-14T13:57:12","slug":"first-tee-alberta-celebre-la-journee-nationale-des-peuples-autochtones-en-organisant-un-atelier-de-golf-pour-les-jeunes","status":"publish","type":"post","link":"https:\/\/firstteecanada.ca\/fr\/first-tee-alberta-celebre-la-journee-nationale-des-peuples-autochtones-en-organisant-un-atelier-de-golf-pour-les-jeunes\/","title":{"rendered":"First Tee \u2013 Alberta c\u00e9l\u00e8bre la Journ\u00e9e nationale des peuples autochtones en organisant un atelier de golf pour les jeunes"},"content":{"rendered":"<div class=\"wp-block-image\">\n<figure class=\"aligncenter size-large\"><img loading=\"lazy\" decoding=\"async\" width=\"1024\" height=\"683\" src=\"https:\/\/firstteecanada.ca\/wp-content\/uploads\/sites\/191\/2026\/07\/TAK20260621-2196-1024x683.jpg\" alt=\"\" class=\"wp-image-8506\" srcset=\"https:\/\/firstteecanada.ca\/wp-content\/uploads\/sites\/191\/2026\/07\/TAK20260621-2196-1024x683.jpg 1024w, https:\/\/firstteecanada.ca\/wp-content\/uploads\/sites\/191\/2026\/07\/TAK20260621-2196-300x200.jpg 300w, https:\/\/firstteecanada.ca\/wp-content\/uploads\/sites\/191\/2026\/07\/TAK20260621-2196-768x512.jpg 768w, https:\/\/firstteecanada.ca\/wp-content\/uploads\/sites\/191\/2026\/07\/TAK20260621-2196-1536x1024.jpg 1536w, https:\/\/firstteecanada.ca\/wp-content\/uploads\/sites\/191\/2026\/07\/TAK20260621-2196-2048x1365.jpg 2048w, https:\/\/firstteecanada.ca\/wp-content\/uploads\/sites\/191\/2026\/07\/TAK20260621-2196-140x93.jpg 140w\" sizes=\"auto, (max-width: 1024px) 100vw, 1024px\" \/><figcaption class=\"wp-element-caption\"><em>Photo : Todd Korol<\/em><\/figcaption><\/figure>\n<\/div>\n\n\n<p class=\"wp-block-paragraph\"><strong>CALGARY, Alberta \u2014<\/strong> En hommage \u00e0 la Journ\u00e9e nationale des peuples autochtones le 21 juin, First Tee \u2013 Alberta a collabor\u00e9 avec l\u2019Association 7 Generations Golf pour organiser un atelier d\u2019initiation au golf destin\u00e9 aux jeunes de la Premi\u00e8re Nation Tsuut\u2019ina.<\/p>\n\n\n\n<p class=\"wp-block-paragraph\">Partenaire communautaire de First Tee \u2013 Alberta depuis 2023, l\u2019Association 7 Generations Golf s\u2019est engag\u00e9e \u00e0 rendre le golf plus accessible aux jeunes des Premi\u00e8res Nations en abolissant les obstacles \u00e0 la participation et en cr\u00e9ant des occasions de croissance personnelle gr\u00e2ce \u00e0 ce sport.<\/p>\n\n\n\n<p class=\"wp-block-paragraph\">Sous la direction des entra\u00eeneurs Andrew et Staven Fox au Red Meadows Golf Course, les participants ont appris les \u00e9l\u00e9ments de base des coups coch\u00e9s et de l\u2019\u00e9lan complet avant de mettre en pratique leurs nouvelles habilet\u00e9s sur un trou de golf. Au fil de l\u2019exercice, on les a initi\u00e9s \u00e0 l\u2019\u00e9tiquette du sport, \u00e0 la bonne fa\u00e7on de pr\u00e9parer un coup de d\u00e9part et \u00e0 l\u2019usage de chaque b\u00e2ton.<\/p>\n\n\n\n<p class=\"wp-block-paragraph\">Bien que certains participants soient arriv\u00e9s avec une certaine connaissance du golf, la plupart maniaient le b\u00e2ton de golf pour la premi\u00e8re fois. Les entra\u00eeneurs Andrew et Staven ont ajust\u00e9 leur enseignement au niveau d\u2019habilet\u00e9 de chaque jeune, cr\u00e9ant un environnement accueillant o\u00f9 les d\u00e9butants recevaient davantage de soutien et d\u2019encouragements.<\/p>\n\n\n\n<p class=\"wp-block-paragraph\">Gr\u00e2ce \u00e0 l\u2019appui du partenaire en v\u00eatements de First Tee \u2013 Premier d\u00e9part Canada adidas, chaque participant a re\u00e7u un t-shirt et une casquette First Tee \u2013 Alberta, ce qui a contribu\u00e9 \u00e0 stimuler le sentiment d\u2019appartenance des jeunes. Les participants qui n\u2019avaient pas leur propre \u00e9quipement ont aussi re\u00e7u un b\u00e2ton de golf en cadeau, gracieuset\u00e9 de Sport Central.<\/p>\n\n\n\n<p class=\"wp-block-paragraph\">\u00ab&nbsp;La collaboration avec l\u2019Association 7 Generations Golf nous permet de cr\u00e9er des possibilit\u00e9s pour les jeunes Autochtones de d\u00e9couvrir tout ce que le golf peut leur offrir, souligne Michael Steele, gestionnaire de programme de First Tee \u2013 Alberta. Le soutien de partenaires comme adidas et Sport Central aide \u00e0 nous assurer que les participants aient non seulement l\u2019\u00e9quipement dont ils ont besoin, mais aussi qu\u2019ils se sentent bienvenus, inclus et en confiance d\u00e8s qu\u2019ils arrivent.&nbsp;\u00bb<\/p>\n\n\n\n<p class=\"wp-block-paragraph\">Pour une participante, cet atelier a marqu\u00e9 un regain de confiance notable. Elle est pass\u00e9e du simple contact avec la balle \u00e0 la c\u00e9l\u00e9bration de chaque coup et \u00e0 des efforts enthousiastes sur le vert pour mettre la balle dans le trou. Elle est repartie en ayant h\u00e2te de continuer \u00e0 jouer au golf aux c\u00f4t\u00e9s de son p\u00e8re.<\/p>\n\n\n\n<p class=\"wp-block-paragraph\">L\u2019atelier s\u2019est conclu avec un d\u00eener de pizza au pavillon et les participants sont ensuite repartis plus confiants, soud\u00e9s et motiv\u00e9s \u00e0 continuer d\u2019explorer les possibilit\u00e9s qu\u2019offre le golf.<\/p>\n\n\n\n<p class=\"wp-block-paragraph\">Pour en savoir plus, visitez <a href=\"https:\/\/firstteealberta.ca\/\">firstteealberta.ca<\/a>.<\/p>\n\n\n\n<figure class=\"wp-block-gallery aligncenter has-nested-images columns-2 is-cropped wp-block-gallery-1 is-layout-flex wp-block-gallery-is-layout-flex\">\n<figure class=\"wp-block-image size-large\"><img loading=\"lazy\" decoding=\"async\" width=\"1024\" height=\"683\" data-id=\"8511\" src=\"https:\/\/firstteecanada.ca\/wp-content\/uploads\/sites\/191\/2026\/07\/TAK20260621-342-1024x683.jpg\" alt=\"\" class=\"wp-image-8511\" srcset=\"https:\/\/firstteecanada.ca\/wp-content\/uploads\/sites\/191\/2026\/07\/TAK20260621-342-1024x683.jpg 1024w, https:\/\/firstteecanada.ca\/wp-content\/uploads\/sites\/191\/2026\/07\/TAK20260621-342-300x200.jpg 300w, https:\/\/firstteecanada.ca\/wp-content\/uploads\/sites\/191\/2026\/07\/TAK20260621-342-768x512.jpg 768w, https:\/\/firstteecanada.ca\/wp-content\/uploads\/sites\/191\/2026\/07\/TAK20260621-342-1536x1024.jpg 1536w, https:\/\/firstteecanada.ca\/wp-content\/uploads\/sites\/191\/2026\/07\/TAK20260621-342-2048x1365.jpg 2048w, https:\/\/firstteecanada.ca\/wp-content\/uploads\/sites\/191\/2026\/07\/TAK20260621-342-140x93.jpg 140w\" sizes=\"auto, (max-width: 1024px) 100vw, 1024px\" \/><\/figure>\n\n\n\n<figure class=\"wp-block-image size-large\"><img loading=\"lazy\" decoding=\"async\" width=\"1024\" height=\"683\" data-id=\"8509\" src=\"https:\/\/firstteecanada.ca\/wp-content\/uploads\/sites\/191\/2026\/07\/TAK20260621-268-1024x683.jpg\" alt=\"\" class=\"wp-image-8509\" srcset=\"https:\/\/firstteecanada.ca\/wp-content\/uploads\/sites\/191\/2026\/07\/TAK20260621-268-1024x683.jpg 1024w, https:\/\/firstteecanada.ca\/wp-content\/uploads\/sites\/191\/2026\/07\/TAK20260621-268-300x200.jpg 300w, https:\/\/firstteecanada.ca\/wp-content\/uploads\/sites\/191\/2026\/07\/TAK20260621-268-768x512.jpg 768w, https:\/\/firstteecanada.ca\/wp-content\/uploads\/sites\/191\/2026\/07\/TAK20260621-268-1536x1024.jpg 1536w, https:\/\/firstteecanada.ca\/wp-content\/uploads\/sites\/191\/2026\/07\/TAK20260621-268-2048x1365.jpg 2048w, https:\/\/firstteecanada.ca\/wp-content\/uploads\/sites\/191\/2026\/07\/TAK20260621-268-140x93.jpg 140w\" sizes=\"auto, (max-width: 1024px) 100vw, 1024px\" \/><\/figure>\n\n\n\n<figure class=\"wp-block-image size-large\"><img loading=\"lazy\" decoding=\"async\" width=\"1024\" height=\"749\" data-id=\"8512\" src=\"https:\/\/firstteecanada.ca\/wp-content\/uploads\/sites\/191\/2026\/07\/TAK20260621-980-1024x749.jpg\" alt=\"\" class=\"wp-image-8512\" srcset=\"https:\/\/firstteecanada.ca\/wp-content\/uploads\/sites\/191\/2026\/07\/TAK20260621-980-1024x749.jpg 1024w, https:\/\/firstteecanada.ca\/wp-content\/uploads\/sites\/191\/2026\/07\/TAK20260621-980-300x219.jpg 300w, https:\/\/firstteecanada.ca\/wp-content\/uploads\/sites\/191\/2026\/07\/TAK20260621-980-768x561.jpg 768w, https:\/\/firstteecanada.ca\/wp-content\/uploads\/sites\/191\/2026\/07\/TAK20260621-980-1536x1123.jpg 1536w, https:\/\/firstteecanada.ca\/wp-content\/uploads\/sites\/191\/2026\/07\/TAK20260621-980-2048x1497.jpg 2048w, https:\/\/firstteecanada.ca\/wp-content\/uploads\/sites\/191\/2026\/07\/TAK20260621-980-140x102.jpg 140w\" sizes=\"auto, (max-width: 1024px) 100vw, 1024px\" \/><\/figure>\n\n\n\n<figure class=\"wp-block-image size-large\"><img loading=\"lazy\" decoding=\"async\" width=\"1024\" height=\"681\" data-id=\"8515\" src=\"https:\/\/firstteecanada.ca\/wp-content\/uploads\/sites\/191\/2026\/07\/TAK20260621-393-1024x681.jpg\" alt=\"\" class=\"wp-image-8515\" srcset=\"https:\/\/firstteecanada.ca\/wp-content\/uploads\/sites\/191\/2026\/07\/TAK20260621-393-1024x681.jpg 1024w, https:\/\/firstteecanada.ca\/wp-content\/uploads\/sites\/191\/2026\/07\/TAK20260621-393-300x200.jpg 300w, https:\/\/firstteecanada.ca\/wp-content\/uploads\/sites\/191\/2026\/07\/TAK20260621-393-768x511.jpg 768w, https:\/\/firstteecanada.ca\/wp-content\/uploads\/sites\/191\/2026\/07\/TAK20260621-393-1536x1022.jpg 1536w, https:\/\/firstteecanada.ca\/wp-content\/uploads\/sites\/191\/2026\/07\/TAK20260621-393-2048x1362.jpg 2048w, https:\/\/firstteecanada.ca\/wp-content\/uploads\/sites\/191\/2026\/07\/TAK20260621-393-140x93.jpg 140w\" sizes=\"auto, (max-width: 1024px) 100vw, 1024px\" \/><\/figure>\n<figcaption class=\"blocks-gallery-caption wp-element-caption\"><em>Photo : Todd Korol<\/em><\/figcaption><\/figure>\n","protected":false},"excerpt":{"rendered":"<p>CALGARY, Alberta \u2014 En hommage \u00e0 la Journ\u00e9e nationale des peuples autochtones le 21 juin, First Tee \u2013 Alberta a collabor\u00e9 avec l\u2019Association 7 Generations Golf pour organiser un atelier d\u2019initiation au golf destin\u00e9 aux jeunes de la Premi\u00e8re Nation Tsuut\u2019ina. Partenaire communautaire de First Tee \u2013 Alberta depuis 2023, l\u2019Association 7 Generations Golf s\u2019est [&hellip;]<\/p>\n","protected":false},"author":6073,"featured_media":8506,"comment_status":"closed","ping_status":"closed","sticky":true,"template":"","format":"standard","meta":{"_acf_changed":false,"footnotes":""},"categories":[56,55],"tags":[306,654,345,305,281,227,747,391,282,762,763,764,767,211,765,766],"class_list":["post-8508","post","type-post","status-publish","format-standard","has-post-thumbnail","hentry","category-articles-en-vedette","category-nouvelles","tag-alberta-2","tag-autochtones","tag-equite","tag-first-tee-alberta-2","tag-first-tee-premier-depart-3","tag-first-tee-premier-depart-canada","tag-gestionnaire-de-programme","tag-golf","tag-golf-canada-2","tag-journee-nationale-des-peuples-autochtones","tag-lassociation-7-generations-golf","tag-la-premiere-nation-tsuutina","tag-michael-steele","tag-programmes-de-golf-inclusifs","tag-red-meadows-golf-course","tag-staven-fox"],"acf":[],"yoast_head":"<!-- This site is optimized with the Yoast SEO plugin v28.2 - https:\/\/yoast.com\/product\/yoast-seo-wordpress\/ -->\n<title>First Tee \u2013 Alberta c\u00e9l\u00e8bre la Journ\u00e9e nationale des peuples autochtones en organisant un atelier de golf pour les jeunes - First Tee \u2013 Canada<\/title>\n<meta name=\"robots\" content=\"index, follow, max-snippet:-1, max-image-preview:large, max-video-preview:-1\" \/>\n<link rel=\"canonical\" href=\"https:\/\/firstteecanada.ca\/fr\/first-tee-alberta-celebre-la-journee-nationale-des-peuples-autochtones-en-organisant-un-atelier-de-golf-pour-les-jeunes\/\" \/>\n<meta property=\"og:locale\" content=\"fr_FR\" \/>\n<meta property=\"og:type\" content=\"article\" \/>\n<meta property=\"og:title\" content=\"First Tee \u2013 Alberta c\u00e9l\u00e8bre la Journ\u00e9e nationale des peuples autochtones en organisant un atelier de golf pour les jeunes - First Tee \u2013 Canada\" \/>\n<meta property=\"og:description\" content=\"CALGARY, Alberta \u2014 En hommage \u00e0 la Journ\u00e9e nationale des peuples autochtones le 21 juin, First Tee \u2013 Alberta a collabor\u00e9 avec l\u2019Association 7 Generations Golf pour organiser un atelier d\u2019initiation au golf destin\u00e9 aux jeunes de la Premi\u00e8re Nation Tsuut\u2019ina. Partenaire communautaire de First Tee \u2013 Alberta depuis 2023, l\u2019Association 7 Generations Golf s\u2019est [&hellip;]\" \/>\n<meta property=\"og:url\" content=\"https:\/\/firstteecanada.ca\/fr\/first-tee-alberta-celebre-la-journee-nationale-des-peuples-autochtones-en-organisant-un-atelier-de-golf-pour-les-jeunes\/\" \/>\n<meta property=\"og:site_name\" content=\"First Tee \u2013 Canada\" \/>\n<meta property=\"article:publisher\" content=\"https:\/\/www.facebook.com\/GolfCanada\/\" \/>\n<meta property=\"article:published_time\" content=\"2026-07-14T13:57:10+00:00\" \/>\n<meta property=\"article:modified_time\" content=\"2026-07-14T13:57:12+00:00\" \/>\n<meta property=\"og:image\" content=\"https:\/\/firstteecanada.ca\/wp-content\/uploads\/sites\/191\/2026\/07\/TAK20260621-2196-scaled.jpg\" \/>\n\t<meta property=\"og:image:width\" content=\"2560\" \/>\n\t<meta property=\"og:image:height\" content=\"1707\" \/>\n\t<meta property=\"og:image:type\" content=\"image\/jpeg\" \/>\n<meta name=\"author\" content=\"khasmatali\" \/>\n<meta name=\"twitter:card\" content=\"summary_large_image\" \/>\n<meta name=\"twitter:creator\" content=\"@GolfCanada\" \/>\n<meta name=\"twitter:site\" content=\"@GolfCanada\" \/>\n<meta name=\"twitter:label1\" content=\"\u00c9crit par\" \/>\n\t<meta name=\"twitter:data1\" content=\"khasmatali\" \/>\n\t<meta name=\"twitter:label2\" content=\"Dur\u00e9e de lecture estim\u00e9e\" \/>\n\t<meta name=\"twitter:data2\" content=\"4 minutes\" \/>\n<script type=\"application\/ld+json\" class=\"yoast-schema-graph\">{\"@context\":\"https:\\\/\\\/schema.org\",\"@graph\":[{\"@type\":\"Article\",\"@id\":\"https:\\\/\\\/firstteecanada.ca\\\/fr\\\/first-tee-alberta-celebre-la-journee-nationale-des-peuples-autochtones-en-organisant-un-atelier-de-golf-pour-les-jeunes\\\/#article\",\"isPartOf\":{\"@id\":\"https:\\\/\\\/firstteecanada.ca\\\/fr\\\/first-tee-alberta-celebre-la-journee-nationale-des-peuples-autochtones-en-organisant-un-atelier-de-golf-pour-les-jeunes\\\/\"},\"author\":{\"name\":\"khasmatali\",\"@id\":\"https:\\\/\\\/firstteecanada.ca\\\/fr\\\/#\\\/schema\\\/person\\\/cb328531d8f1fb5ee7249925c8fecc6a\"},\"headline\":\"First Tee \u2013 Alberta c\u00e9l\u00e8bre la Journ\u00e9e nationale des peuples autochtones en organisant un atelier de golf pour les jeunes\",\"datePublished\":\"2026-07-14T13:57:10+00:00\",\"dateModified\":\"2026-07-14T13:57:12+00:00\",\"mainEntityOfPage\":{\"@id\":\"https:\\\/\\\/firstteecanada.ca\\\/fr\\\/first-tee-alberta-celebre-la-journee-nationale-des-peuples-autochtones-en-organisant-un-atelier-de-golf-pour-les-jeunes\\\/\"},\"wordCount\":506,\"publisher\":{\"@id\":\"https:\\\/\\\/firstteecanada.ca\\\/fr\\\/#organization\"},\"image\":{\"@id\":\"https:\\\/\\\/firstteecanada.ca\\\/fr\\\/first-tee-alberta-celebre-la-journee-nationale-des-peuples-autochtones-en-organisant-un-atelier-de-golf-pour-les-jeunes\\\/#primaryimage\"},\"thumbnailUrl\":\"https:\\\/\\\/firstteecanada.ca\\\/wp-content\\\/uploads\\\/sites\\\/191\\\/2026\\\/07\\\/TAK20260621-2196-scaled.jpg\",\"keywords\":[\"Alberta\",\"Autochtones\",\"\u00e9quit\u00e9\",\"First Tee - Alberta\",\"First Tee \u2013 Premier d\u00e9part\",\"First Tee \u2013 Premier d\u00e9part Canada\",\"gestionnaire de programme\",\"Golf\",\"Golf Canada\",\"Journ\u00e9e nationale des peuples autochtones\",\"l\u2019Association 7 Generations Golf\",\"la Premi\u00e8re Nation Tsuut\u2019ina\",\"Michael Steele\",\"Programmes de golf inclusifs\",\"Red Meadows Golf Course\",\"Staven Fox\"],\"articleSection\":[\"Articles en vedette\",\"Nouvelles\"],\"inLanguage\":\"fr-FR\"},{\"@type\":\"WebPage\",\"@id\":\"https:\\\/\\\/firstteecanada.ca\\\/fr\\\/first-tee-alberta-celebre-la-journee-nationale-des-peuples-autochtones-en-organisant-un-atelier-de-golf-pour-les-jeunes\\\/\",\"url\":\"https:\\\/\\\/firstteecanada.ca\\\/fr\\\/first-tee-alberta-celebre-la-journee-nationale-des-peuples-autochtones-en-organisant-un-atelier-de-golf-pour-les-jeunes\\\/\",\"name\":\"First Tee \u2013 Alberta c\u00e9l\u00e8bre la Journ\u00e9e nationale des peuples autochtones en organisant un atelier de golf pour les jeunes - First Tee \u2013 Canada\",\"isPartOf\":{\"@id\":\"https:\\\/\\\/firstteecanada.ca\\\/fr\\\/#website\"},\"primaryImageOfPage\":{\"@id\":\"https:\\\/\\\/firstteecanada.ca\\\/fr\\\/first-tee-alberta-celebre-la-journee-nationale-des-peuples-autochtones-en-organisant-un-atelier-de-golf-pour-les-jeunes\\\/#primaryimage\"},\"image\":{\"@id\":\"https:\\\/\\\/firstteecanada.ca\\\/fr\\\/first-tee-alberta-celebre-la-journee-nationale-des-peuples-autochtones-en-organisant-un-atelier-de-golf-pour-les-jeunes\\\/#primaryimage\"},\"thumbnailUrl\":\"https:\\\/\\\/firstteecanada.ca\\\/wp-content\\\/uploads\\\/sites\\\/191\\\/2026\\\/07\\\/TAK20260621-2196-scaled.jpg\",\"datePublished\":\"2026-07-14T13:57:10+00:00\",\"dateModified\":\"2026-07-14T13:57:12+00:00\",\"breadcrumb\":{\"@id\":\"https:\\\/\\\/firstteecanada.ca\\\/fr\\\/first-tee-alberta-celebre-la-journee-nationale-des-peuples-autochtones-en-organisant-un-atelier-de-golf-pour-les-jeunes\\\/#breadcrumb\"},\"inLanguage\":\"fr-FR\",\"potentialAction\":[{\"@type\":\"ReadAction\",\"target\":[\"https:\\\/\\\/firstteecanada.ca\\\/fr\\\/first-tee-alberta-celebre-la-journee-nationale-des-peuples-autochtones-en-organisant-un-atelier-de-golf-pour-les-jeunes\\\/\"]}]},{\"@type\":\"ImageObject\",\"inLanguage\":\"fr-FR\",\"@id\":\"https:\\\/\\\/firstteecanada.ca\\\/fr\\\/first-tee-alberta-celebre-la-journee-nationale-des-peuples-autochtones-en-organisant-un-atelier-de-golf-pour-les-jeunes\\\/#primaryimage\",\"url\":\"https:\\\/\\\/firstteecanada.ca\\\/wp-content\\\/uploads\\\/sites\\\/191\\\/2026\\\/07\\\/TAK20260621-2196-scaled.jpg\",\"contentUrl\":\"https:\\\/\\\/firstteecanada.ca\\\/wp-content\\\/uploads\\\/sites\\\/191\\\/2026\\\/07\\\/TAK20260621-2196-scaled.jpg\",\"width\":2560,\"height\":1707,\"caption\":\"Kids First at Redwood Meadows in Bragg Creek, Alberta June 21, 2026. Photograph by Todd Korol\"},{\"@type\":\"BreadcrumbList\",\"@id\":\"https:\\\/\\\/firstteecanada.ca\\\/fr\\\/first-tee-alberta-celebre-la-journee-nationale-des-peuples-autochtones-en-organisant-un-atelier-de-golf-pour-les-jeunes\\\/#breadcrumb\",\"itemListElement\":[{\"@type\":\"ListItem\",\"position\":1,\"name\":\"Home\",\"item\":\"https:\\\/\\\/firstteecanada.ca\\\/fr\\\/\"},{\"@type\":\"ListItem\",\"position\":2,\"name\":\"First Tee \u2013 Alberta c\u00e9l\u00e8bre la Journ\u00e9e nationale des peuples autochtones en organisant un atelier de golf pour les jeunes\"}]},{\"@type\":\"WebSite\",\"@id\":\"https:\\\/\\\/firstteecanada.ca\\\/fr\\\/#website\",\"url\":\"https:\\\/\\\/firstteecanada.ca\\\/fr\\\/\",\"name\":\"First Tee \u2013 Canada\",\"description\":\"D\u00e9velopper les acteurs du changement\",\"publisher\":{\"@id\":\"https:\\\/\\\/firstteecanada.ca\\\/fr\\\/#organization\"},\"potentialAction\":[{\"@type\":\"SearchAction\",\"target\":{\"@type\":\"EntryPoint\",\"urlTemplate\":\"https:\\\/\\\/firstteecanada.ca\\\/fr\\\/?s={search_term_string}\"},\"query-input\":{\"@type\":\"PropertyValueSpecification\",\"valueRequired\":true,\"valueName\":\"search_term_string\"}}],\"inLanguage\":\"fr-FR\"},{\"@type\":\"Organization\",\"@id\":\"https:\\\/\\\/firstteecanada.ca\\\/fr\\\/#organization\",\"name\":\"First Tee \u2013 Canada\",\"url\":\"https:\\\/\\\/firstteecanada.ca\\\/fr\\\/\",\"logo\":{\"@type\":\"ImageObject\",\"inLanguage\":\"fr-FR\",\"@id\":\"https:\\\/\\\/firstteecanada.ca\\\/fr\\\/#\\\/schema\\\/logo\\\/image\\\/\",\"url\":\"https:\\\/\\\/firstteecanada.ca\\\/wp-content\\\/uploads\\\/sites\\\/191\\\/2025\\\/01\\\/RGB_Premier-Depart_Canada_Green-2.png\",\"contentUrl\":\"https:\\\/\\\/firstteecanada.ca\\\/wp-content\\\/uploads\\\/sites\\\/191\\\/2025\\\/01\\\/RGB_Premier-Depart_Canada_Green-2.png\",\"width\":4460,\"height\":2084,\"caption\":\"First Tee \u2013 Canada\"},\"image\":{\"@id\":\"https:\\\/\\\/firstteecanada.ca\\\/fr\\\/#\\\/schema\\\/logo\\\/image\\\/\"},\"sameAs\":[\"https:\\\/\\\/www.facebook.com\\\/GolfCanada\\\/\",\"https:\\\/\\\/x.com\\\/GolfCanada\",\"https:\\\/\\\/www.instagram.com\\\/thegolfcanada\\\/?hl=en\"]},{\"@type\":\"Person\",\"@id\":\"https:\\\/\\\/firstteecanada.ca\\\/fr\\\/#\\\/schema\\\/person\\\/cb328531d8f1fb5ee7249925c8fecc6a\",\"name\":\"khasmatali\",\"image\":{\"@type\":\"ImageObject\",\"inLanguage\":\"fr-FR\",\"@id\":\"https:\\\/\\\/secure.gravatar.com\\\/avatar\\\/fb7df890f9744018e0a6e96cf4c9df1e129a794ed4b149cf91ca9a1b603aafe6?s=96&d=mm&r=g\",\"url\":\"https:\\\/\\\/secure.gravatar.com\\\/avatar\\\/fb7df890f9744018e0a6e96cf4c9df1e129a794ed4b149cf91ca9a1b603aafe6?s=96&d=mm&r=g\",\"contentUrl\":\"https:\\\/\\\/secure.gravatar.com\\\/avatar\\\/fb7df890f9744018e0a6e96cf4c9df1e129a794ed4b149cf91ca9a1b603aafe6?s=96&d=mm&r=g\",\"caption\":\"khasmatali\"},\"url\":\"https:\\\/\\\/firstteecanada.ca\\\/fr\\\/author\\\/khasmatali\\\/\"}]}<\/script>\n<!-- \/ Yoast SEO plugin. -->","yoast_head_json":{"title":"First Tee \u2013 Alberta c\u00e9l\u00e8bre la Journ\u00e9e nationale des peuples autochtones en organisant un atelier de golf pour les jeunes - First Tee \u2013 Canada","robots":{"index":"index","follow":"follow","max-snippet":"max-snippet:-1","max-image-preview":"max-image-preview:large","max-video-preview":"max-video-preview:-1"},"canonical":"https:\/\/firstteecanada.ca\/fr\/first-tee-alberta-celebre-la-journee-nationale-des-peuples-autochtones-en-organisant-un-atelier-de-golf-pour-les-jeunes\/","og_locale":"fr_FR","og_type":"article","og_title":"First Tee \u2013 Alberta c\u00e9l\u00e8bre la Journ\u00e9e nationale des peuples autochtones en organisant un atelier de golf pour les jeunes - First Tee \u2013 Canada","og_description":"CALGARY, Alberta \u2014 En hommage \u00e0 la Journ\u00e9e nationale des peuples autochtones le 21 juin, First Tee \u2013 Alberta a collabor\u00e9 avec l\u2019Association 7 Generations Golf pour organiser un atelier d\u2019initiation au golf destin\u00e9 aux jeunes de la Premi\u00e8re Nation Tsuut\u2019ina. Partenaire communautaire de First Tee \u2013 Alberta depuis 2023, l\u2019Association 7 Generations Golf s\u2019est [&hellip;]","og_url":"https:\/\/firstteecanada.ca\/fr\/first-tee-alberta-celebre-la-journee-nationale-des-peuples-autochtones-en-organisant-un-atelier-de-golf-pour-les-jeunes\/","og_site_name":"First Tee \u2013 Canada","article_publisher":"https:\/\/www.facebook.com\/GolfCanada\/","article_published_time":"2026-07-14T13:57:10+00:00","article_modified_time":"2026-07-14T13:57:12+00:00","og_image":[{"width":2560,"height":1707,"url":"https:\/\/firstteecanada.ca\/wp-content\/uploads\/sites\/191\/2026\/07\/TAK20260621-2196-scaled.jpg","type":"image\/jpeg"}],"author":"khasmatali","twitter_card":"summary_large_image","twitter_creator":"@GolfCanada","twitter_site":"@GolfCanada","twitter_misc":{"\u00c9crit par":"khasmatali","Dur\u00e9e de lecture estim\u00e9e":"4 minutes"},"schema":{"@context":"https:\/\/schema.org","@graph":[{"@type":"Article","@id":"https:\/\/firstteecanada.ca\/fr\/first-tee-alberta-celebre-la-journee-nationale-des-peuples-autochtones-en-organisant-un-atelier-de-golf-pour-les-jeunes\/#article","isPartOf":{"@id":"https:\/\/firstteecanada.ca\/fr\/first-tee-alberta-celebre-la-journee-nationale-des-peuples-autochtones-en-organisant-un-atelier-de-golf-pour-les-jeunes\/"},"author":{"name":"khasmatali","@id":"https:\/\/firstteecanada.ca\/fr\/#\/schema\/person\/cb328531d8f1fb5ee7249925c8fecc6a"},"headline":"First Tee \u2013 Alberta c\u00e9l\u00e8bre la Journ\u00e9e nationale des peuples autochtones en organisant un atelier de golf pour les jeunes","datePublished":"2026-07-14T13:57:10+00:00","dateModified":"2026-07-14T13:57:12+00:00","mainEntityOfPage":{"@id":"https:\/\/firstteecanada.ca\/fr\/first-tee-alberta-celebre-la-journee-nationale-des-peuples-autochtones-en-organisant-un-atelier-de-golf-pour-les-jeunes\/"},"wordCount":506,"publisher":{"@id":"https:\/\/firstteecanada.ca\/fr\/#organization"},"image":{"@id":"https:\/\/firstteecanada.ca\/fr\/first-tee-alberta-celebre-la-journee-nationale-des-peuples-autochtones-en-organisant-un-atelier-de-golf-pour-les-jeunes\/#primaryimage"},"thumbnailUrl":"https:\/\/firstteecanada.ca\/wp-content\/uploads\/sites\/191\/2026\/07\/TAK20260621-2196-scaled.jpg","keywords":["Alberta","Autochtones","\u00e9quit\u00e9","First Tee - Alberta","First Tee \u2013 Premier d\u00e9part","First Tee \u2013 Premier d\u00e9part Canada","gestionnaire de programme","Golf","Golf Canada","Journ\u00e9e nationale des peuples autochtones","l\u2019Association 7 Generations Golf","la Premi\u00e8re Nation Tsuut\u2019ina","Michael Steele","Programmes de golf inclusifs","Red Meadows Golf Course","Staven Fox"],"articleSection":["Articles en vedette","Nouvelles"],"inLanguage":"fr-FR"},{"@type":"WebPage","@id":"https:\/\/firstteecanada.ca\/fr\/first-tee-alberta-celebre-la-journee-nationale-des-peuples-autochtones-en-organisant-un-atelier-de-golf-pour-les-jeunes\/","url":"https:\/\/firstteecanada.ca\/fr\/first-tee-alberta-celebre-la-journee-nationale-des-peuples-autochtones-en-organisant-un-atelier-de-golf-pour-les-jeunes\/","name":"First Tee \u2013 Alberta c\u00e9l\u00e8bre la Journ\u00e9e nationale des peuples autochtones en organisant un atelier de golf pour les jeunes - First Tee \u2013 Canada","isPartOf":{"@id":"https:\/\/firstteecanada.ca\/fr\/#website"},"primaryImageOfPage":{"@id":"https:\/\/firstteecanada.ca\/fr\/first-tee-alberta-celebre-la-journee-nationale-des-peuples-autochtones-en-organisant-un-atelier-de-golf-pour-les-jeunes\/#primaryimage"},"image":{"@id":"https:\/\/firstteecanada.ca\/fr\/first-tee-alberta-celebre-la-journee-nationale-des-peuples-autochtones-en-organisant-un-atelier-de-golf-pour-les-jeunes\/#primaryimage"},"thumbnailUrl":"https:\/\/firstteecanada.ca\/wp-content\/uploads\/sites\/191\/2026\/07\/TAK20260621-2196-scaled.jpg","datePublished":"2026-07-14T13:57:10+00:00","dateModified":"2026-07-14T13:57:12+00:00","breadcrumb":{"@id":"https:\/\/firstteecanada.ca\/fr\/first-tee-alberta-celebre-la-journee-nationale-des-peuples-autochtones-en-organisant-un-atelier-de-golf-pour-les-jeunes\/#breadcrumb"},"inLanguage":"fr-FR","potentialAction":[{"@type":"ReadAction","target":["https:\/\/firstteecanada.ca\/fr\/first-tee-alberta-celebre-la-journee-nationale-des-peuples-autochtones-en-organisant-un-atelier-de-golf-pour-les-jeunes\/"]}]},{"@type":"ImageObject","inLanguage":"fr-FR","@id":"https:\/\/firstteecanada.ca\/fr\/first-tee-alberta-celebre-la-journee-nationale-des-peuples-autochtones-en-organisant-un-atelier-de-golf-pour-les-jeunes\/#primaryimage","url":"https:\/\/firstteecanada.ca\/wp-content\/uploads\/sites\/191\/2026\/07\/TAK20260621-2196-scaled.jpg","contentUrl":"https:\/\/firstteecanada.ca\/wp-content\/uploads\/sites\/191\/2026\/07\/TAK20260621-2196-scaled.jpg","width":2560,"height":1707,"caption":"Kids First at Redwood Meadows in Bragg Creek, Alberta June 21, 2026. Photograph by Todd Korol"},{"@type":"BreadcrumbList","@id":"https:\/\/firstteecanada.ca\/fr\/first-tee-alberta-celebre-la-journee-nationale-des-peuples-autochtones-en-organisant-un-atelier-de-golf-pour-les-jeunes\/#breadcrumb","itemListElement":[{"@type":"ListItem","position":1,"name":"Home","item":"https:\/\/firstteecanada.ca\/fr\/"},{"@type":"ListItem","position":2,"name":"First Tee \u2013 Alberta c\u00e9l\u00e8bre la Journ\u00e9e nationale des peuples autochtones en organisant un atelier de golf pour les jeunes"}]},{"@type":"WebSite","@id":"https:\/\/firstteecanada.ca\/fr\/#website","url":"https:\/\/firstteecanada.ca\/fr\/","name":"First Tee \u2013 Canada","description":"D\u00e9velopper les acteurs du changement","publisher":{"@id":"https:\/\/firstteecanada.ca\/fr\/#organization"},"potentialAction":[{"@type":"SearchAction","target":{"@type":"EntryPoint","urlTemplate":"https:\/\/firstteecanada.ca\/fr\/?s={search_term_string}"},"query-input":{"@type":"PropertyValueSpecification","valueRequired":true,"valueName":"search_term_string"}}],"inLanguage":"fr-FR"},{"@type":"Organization","@id":"https:\/\/firstteecanada.ca\/fr\/#organization","name":"First Tee \u2013 Canada","url":"https:\/\/firstteecanada.ca\/fr\/","logo":{"@type":"ImageObject","inLanguage":"fr-FR","@id":"https:\/\/firstteecanada.ca\/fr\/#\/schema\/logo\/image\/","url":"https:\/\/firstteecanada.ca\/wp-content\/uploads\/sites\/191\/2025\/01\/RGB_Premier-Depart_Canada_Green-2.png","contentUrl":"https:\/\/firstteecanada.ca\/wp-content\/uploads\/sites\/191\/2025\/01\/RGB_Premier-Depart_Canada_Green-2.png","width":4460,"height":2084,"caption":"First Tee \u2013 Canada"},"image":{"@id":"https:\/\/firstteecanada.ca\/fr\/#\/schema\/logo\/image\/"},"sameAs":["https:\/\/www.facebook.com\/GolfCanada\/","https:\/\/x.com\/GolfCanada","https:\/\/www.instagram.com\/thegolfcanada\/?hl=en"]},{"@type":"Person","@id":"https:\/\/firstteecanada.ca\/fr\/#\/schema\/person\/cb328531d8f1fb5ee7249925c8fecc6a","name":"khasmatali","image":{"@type":"ImageObject","inLanguage":"fr-FR","@id":"https:\/\/secure.gravatar.com\/avatar\/fb7df890f9744018e0a6e96cf4c9df1e129a794ed4b149cf91ca9a1b603aafe6?s=96&d=mm&r=g","url":"https:\/\/secure.gravatar.com\/avatar\/fb7df890f9744018e0a6e96cf4c9df1e129a794ed4b149cf91ca9a1b603aafe6?s=96&d=mm&r=g","contentUrl":"https:\/\/secure.gravatar.com\/avatar\/fb7df890f9744018e0a6e96cf4c9df1e129a794ed4b149cf91ca9a1b603aafe6?s=96&d=mm&r=g","caption":"khasmatali"},"url":"https:\/\/firstteecanada.ca\/fr\/author\/khasmatali\/"}]}},"_links":{"self":[{"href":"https:\/\/firstteecanada.ca\/fr\/wp-json\/wp\/v2\/posts\/8508","targetHints":{"allow":["GET"]}}],"collection":[{"href":"https:\/\/firstteecanada.ca\/fr\/wp-json\/wp\/v2\/posts"}],"about":[{"href":"https:\/\/firstteecanada.ca\/fr\/wp-json\/wp\/v2\/types\/post"}],"author":[{"embeddable":true,"href":"https:\/\/firstteecanada.ca\/fr\/wp-json\/wp\/v2\/users\/6073"}],"replies":[{"embeddable":true,"href":"https:\/\/firstteecanada.ca\/fr\/wp-json\/wp\/v2\/comments?post=8508"}],"version-history":[{"count":1,"href":"https:\/\/firstteecanada.ca\/fr\/wp-json\/wp\/v2\/posts\/8508\/revisions"}],"predecessor-version":[{"id":8517,"href":"https:\/\/firstteecanada.ca\/fr\/wp-json\/wp\/v2\/posts\/8508\/revisions\/8517"}],"wp:featuredmedia":[{"embeddable":true,"href":"https:\/\/firstteecanada.ca\/fr\/wp-json\/wp\/v2\/media\/8506"}],"wp:attachment":[{"href":"https:\/\/firstteecanada.ca\/fr\/wp-json\/wp\/v2\/media?parent=8508"}],"wp:term":[{"taxonomy":"category","embeddable":true,"href":"https:\/\/firstteecanada.ca\/fr\/wp-json\/wp\/v2\/categories?post=8508"},{"taxonomy":"post_tag","embeddable":true,"href":"https:\/\/firstteecanada.ca\/fr\/wp-json\/wp\/v2\/tags?post=8508"}],"curies":[{"name":"wp","href":"https:\/\/api.w.org\/{rel}","templated":true}]}},{"id":8478,"date":"2026-06-30T08:42:55","date_gmt":"2026-06-30T13:42:55","guid":{"rendered":"https:\/\/firstteecanada.ca\/?p=8478"},"modified":"2026-06-30T08:42:58","modified_gmt":"2026-06-30T13:42:58","slug":"les-jeunes-du-ymca-de-saskatoon-decouvrent-le-golf-grace-au-programme-first-tee-prairies","status":"publish","type":"post","link":"https:\/\/firstteecanada.ca\/fr\/les-jeunes-du-ymca-de-saskatoon-decouvrent-le-golf-grace-au-programme-first-tee-prairies\/","title":{"rendered":"Les jeunes du YMCA de Saskatoon d\u00e9couvrent le golf gr\u00e2ce au programme First Tee \u2013 Prairies"},"content":{"rendered":"\n<figure class=\"wp-block-image size-large\"><img decoding=\"async\" src=\"https:\/\/firstteeprairies.ca\/wp-content\/uploads\/sites\/204\/2026\/06\/042-1024x683.jpg\" alt=\"\" class=\"wp-image-1411\"\/><\/figure>\n\n\n\n<p class=\"wp-block-paragraph\"><strong>SASKATOON, SK<\/strong> \u2013 Ce sont 24 jeunes du YMCA de Saskatoon qui ont r\u00e9cemment d\u00e9couvert le jeu de golf dans le cadre d\u2019un programme de quatre semaines de First Tee \u2013 Prairies au Riverside Country Club gr\u00e2ce \u00e0 la g\u00e9n\u00e9rosit\u00e9 du donateur David Dub\u00e9 et du soutien du partenaire national de First Tee \u2013 Premier d\u00e9part Canada, adidas.<\/p>\n\n\n\n<p class=\"wp-block-paragraph\">Pour plusieurs participants, ce programme \u00e9tait leur premi\u00e8re initiation au golf. Sur le parcours court du Riverside Country Club, ces jeunes ont appris les habilet\u00e9s fondamentales du sport comme les coups roul\u00e9s, les coups coch\u00e9s, les coups d\u2019envol et les \u00e9lans complets, tout en apprenant certaines le\u00e7ons essentielles d\u2019\u00e9tiquette du golf, de respect et de travail d\u2019\u00e9quipe.<\/p>\n\n\n\n<p class=\"wp-block-paragraph\">Gr\u00e2ce \u00e0 l\u2019appui de Dub\u00e9, le programme \u00e9tait offert sans frais aux participants, ce qui \u00e9liminait les obstacles financiers pour permettre \u00e0 un plus grand nombre de jeunes de d\u00e9couvrir le sport. Le Riverside Country Club a \u00e9galement contribu\u00e9 en ouvrant l\u2019acc\u00e8s gratuitement \u00e0 ses installations et en aidant \u00e0 cr\u00e9er un environnement accueillant o\u00f9 les participants pouvaient apprendre et progresser.<\/p>\n\n\n\n<p class=\"wp-block-paragraph\">En outre, adidas a \u00e9quip\u00e9 les participants de v\u00eatements portant la marque de First Tee \u2013 Prairies, aidant ainsi \u00e0 favoriser l\u2019esprit d\u2019appartenance et la confiance des jeunes alors qu\u2019ils faisaient leurs premiers pas dans un sport que bien peu d\u2019entre eux connaissaient.<\/p>\n\n\n\n<p class=\"wp-block-paragraph\">\u00ab&nbsp;Les co\u00fbts, le transport et les obstacles \u00e0 l\u2019acc\u00e8s peuvent emp\u00eacher bien des jeunes de d\u00e9couvrir le golf, a d\u00e9clar\u00e9 Bella Veloso, gestionnaire de programme de First Tee \u2013 Prairies. Gr\u00e2ce au soutien de David Dub\u00e9, \u00e0 la g\u00e9n\u00e9rosit\u00e9 du Riverside Country Club et \u00e0 l\u2019engagement d\u2019adidas envers nos participants, ces obstacles sont tomb\u00e9s, permettant aux jeunes de se concentrer sur l\u2019apprentissage d\u2019un nouveau sport dans un environnement amusant et inclusif, et c\u2019est la raison d\u2019\u00eatre de First Tee \u2013 Premier d\u00e9part.&nbsp;\u00bb<\/p>\n\n\n\n<p class=\"wp-block-paragraph\">Le programme \u00e9tait pr\u00e9sent\u00e9 par l\u2019entra\u00eeneure de First Tee \u2013 Prairies et membre du Riverside Laura Small avec l\u2019aide de Carole Picklyk et Monique Devine. Small, qui fait partie de l\u2019\u00e9quipe d\u2019entra\u00eenement de First Tee \u2013 Prairies depuis deux saisons, pr\u00e9cise que c\u2019est l\u2019accent que met le programme sur l\u2019apprentissage de comp\u00e9tences de vie qui l\u2019a d\u2019abord inspir\u00e9e \u00e0 s\u2019impliquer.<\/p>\n\n\n\n<p class=\"wp-block-paragraph\">\u00ab\u00a0J\u2019ai toujours pens\u00e9 que First Tee \u00e9tait un super programme et c\u2019\u00e9tait une bonne fa\u00e7on pour moi de faire du b\u00e9n\u00e9volat, explique Small. Je suis une golfeuse assidue et je crois que c\u2019est un sport qu\u2019on peut pratiquer \u00e0 vie. Ce qui m\u2019a le plus interpell\u00e9e, c\u2019est l\u2019accent qu\u2019on y met sur l\u2019apprentissage de comp\u00e9tences de vie qui vont bien au-del\u00e0 du sport et qui durent toute la vie, comme la confiance, la pers\u00e9v\u00e9rance, l\u2019int\u00e9grit\u00e9, l\u2019honn\u00eatet\u00e9, l\u2019\u00e9tablissement d\u2019objectifs, le travail d\u2019\u00e9quipe et le respect.\u00a0\u00bb<\/p>\n\n\n\n<p class=\"wp-block-paragraph\">Les participants ont fait des progr\u00e8s notables tout au long des quatre semaines du programme et sont repartis avec de nouvelles habilet\u00e9s, une plus grande confiance en soi et une connexion durable avec le jeu. En plus des v\u00eatements adidas, chaque participant a re\u00e7u une trousse d\u2019accueil de First Tee \u2013 Premier d\u00e9part pour comm\u00e9morer leur exp\u00e9rience et poursuivre leur aventure golfique.<\/p>\n\n\n\n<figure class=\"wp-block-gallery has-nested-images columns-2 is-cropped wp-block-gallery-2 is-layout-flex wp-block-gallery-is-layout-flex\">\n<figure class=\"wp-block-image size-large\"><img decoding=\"async\" data-id=\"1409\" src=\"https:\/\/firstteeprairies.ca\/wp-content\/uploads\/sites\/204\/2026\/06\/008-1024x683.jpg\" alt=\"\" class=\"wp-image-1409\"\/><\/figure>\n\n\n\n<figure class=\"wp-block-image size-large\"><img decoding=\"async\" data-id=\"1407\" src=\"https:\/\/firstteeprairies.ca\/wp-content\/uploads\/sites\/204\/2026\/06\/038-1024x683.jpg\" alt=\"\" class=\"wp-image-1407\"\/><\/figure>\n\n\n\n<figure class=\"wp-block-image size-large\"><img decoding=\"async\" data-id=\"1405\" src=\"https:\/\/firstteeprairies.ca\/wp-content\/uploads\/sites\/204\/2026\/06\/049-1024x683.jpg\" alt=\"\" class=\"wp-image-1405\"\/><\/figure>\n\n\n\n<figure class=\"wp-block-image size-large\"><img decoding=\"async\" data-id=\"1403\" src=\"https:\/\/firstteeprairies.ca\/wp-content\/uploads\/sites\/204\/2026\/06\/068-1024x683.jpg\" alt=\"\" class=\"wp-image-1403\"\/><\/figure>\n<\/figure>\n\n\n\n<p class=\"wp-block-paragraph\">Impliquez-vous : <a href=\"https:\/\/firstteeprairies.ca\/\">firstteeprairies.ca<\/a>.<\/p>\n","protected":false},"excerpt":{"rendered":"<p>SASKATOON, SK \u2013 Ce sont 24 jeunes du YMCA de Saskatoon qui ont r\u00e9cemment d\u00e9couvert le jeu de golf dans le cadre d\u2019un programme de quatre semaines de First Tee \u2013 Prairies au Riverside Country Club gr\u00e2ce \u00e0 la g\u00e9n\u00e9rosit\u00e9 du donateur David Dub\u00e9 et du soutien du partenaire national de First Tee \u2013 Premier [&hellip;]<\/p>\n","protected":false},"author":6073,"featured_media":8447,"comment_status":"closed","ping_status":"closed","sticky":true,"template":"","format":"standard","meta":{"_acf_changed":false,"footnotes":""},"categories":[55],"tags":[363,580,748,745,743,740,741,422,281,227,746,747,391,282,742,744,211,739,693,738,737],"class_list":["post-8478","post","type-post","status-publish","format-standard","has-post-thumbnail","hentry","category-nouvelles","tag-adidas","tag-adidas-canada","tag-adidas-golf","tag-bella-veloso","tag-carole-picklyk","tag-david-dube","tag-david-dube-2","tag-first-tee-canada","tag-first-tee-premier-depart-3","tag-first-tee-premier-depart-canada","tag-gestionnaire","tag-gestionnaire-de-programme","tag-golf","tag-golf-canada-2","tag-laura-small","tag-monique-devine","tag-programmes-de-golf-inclusifs","tag-riverside-country-club","tag-saskatchewan","tag-saskatoon","tag-ymca-de-saskatoon"],"acf":[],"yoast_head":"<!-- This site is optimized with the Yoast SEO plugin v28.2 - https:\/\/yoast.com\/product\/yoast-seo-wordpress\/ -->\n<title>Les jeunes du YMCA de Saskatoon d\u00e9couvrent le golf gr\u00e2ce au programme First Tee \u2013 Prairies - First Tee \u2013 Canada<\/title>\n<meta name=\"robots\" content=\"index, follow, max-snippet:-1, max-image-preview:large, max-video-preview:-1\" \/>\n<link rel=\"canonical\" href=\"https:\/\/firstteecanada.ca\/fr\/les-jeunes-du-ymca-de-saskatoon-decouvrent-le-golf-grace-au-programme-first-tee-prairies\/\" \/>\n<meta property=\"og:locale\" content=\"fr_FR\" \/>\n<meta property=\"og:type\" content=\"article\" \/>\n<meta property=\"og:title\" content=\"Les jeunes du YMCA de Saskatoon d\u00e9couvrent le golf gr\u00e2ce au programme First Tee \u2013 Prairies - First Tee \u2013 Canada\" \/>\n<meta property=\"og:description\" content=\"SASKATOON, SK \u2013 Ce sont 24 jeunes du YMCA de Saskatoon qui ont r\u00e9cemment d\u00e9couvert le jeu de golf dans le cadre d\u2019un programme de quatre semaines de First Tee \u2013 Prairies au Riverside Country Club gr\u00e2ce \u00e0 la g\u00e9n\u00e9rosit\u00e9 du donateur David Dub\u00e9 et du soutien du partenaire national de First Tee \u2013 Premier [&hellip;]\" \/>\n<meta property=\"og:url\" content=\"https:\/\/firstteecanada.ca\/fr\/les-jeunes-du-ymca-de-saskatoon-decouvrent-le-golf-grace-au-programme-first-tee-prairies\/\" \/>\n<meta property=\"og:site_name\" content=\"First Tee \u2013 Canada\" \/>\n<meta property=\"article:publisher\" content=\"https:\/\/www.facebook.com\/GolfCanada\/\" \/>\n<meta property=\"article:published_time\" content=\"2026-06-30T13:42:55+00:00\" \/>\n<meta property=\"article:modified_time\" content=\"2026-06-30T13:42:58+00:00\" \/>\n<meta property=\"og:image\" content=\"https:\/\/firstteecanada.ca\/wp-content\/uploads\/sites\/191\/2026\/06\/042.jpg\" \/>\n\t<meta property=\"og:image:width\" content=\"2048\" \/>\n\t<meta property=\"og:image:height\" content=\"1365\" \/>\n\t<meta property=\"og:image:type\" content=\"image\/jpeg\" \/>\n<meta name=\"author\" content=\"khasmatali\" \/>\n<meta name=\"twitter:card\" content=\"summary_large_image\" \/>\n<meta name=\"twitter:creator\" content=\"@GolfCanada\" \/>\n<meta name=\"twitter:site\" content=\"@GolfCanada\" \/>\n<meta name=\"twitter:label1\" content=\"\u00c9crit par\" \/>\n\t<meta name=\"twitter:data1\" content=\"khasmatali\" \/>\n\t<meta name=\"twitter:label2\" content=\"Dur\u00e9e de lecture estim\u00e9e\" \/>\n\t<meta name=\"twitter:data2\" content=\"4 minutes\" \/>\n<script type=\"application\/ld+json\" class=\"yoast-schema-graph\">{\"@context\":\"https:\\\/\\\/schema.org\",\"@graph\":[{\"@type\":\"Article\",\"@id\":\"https:\\\/\\\/firstteecanada.ca\\\/fr\\\/les-jeunes-du-ymca-de-saskatoon-decouvrent-le-golf-grace-au-programme-first-tee-prairies\\\/#article\",\"isPartOf\":{\"@id\":\"https:\\\/\\\/firstteecanada.ca\\\/fr\\\/les-jeunes-du-ymca-de-saskatoon-decouvrent-le-golf-grace-au-programme-first-tee-prairies\\\/\"},\"author\":{\"name\":\"khasmatali\",\"@id\":\"https:\\\/\\\/firstteecanada.ca\\\/fr\\\/#\\\/schema\\\/person\\\/cb328531d8f1fb5ee7249925c8fecc6a\"},\"headline\":\"Les jeunes du YMCA de Saskatoon d\u00e9couvrent le golf gr\u00e2ce au programme First Tee \u2013 Prairies\",\"datePublished\":\"2026-06-30T13:42:55+00:00\",\"dateModified\":\"2026-06-30T13:42:58+00:00\",\"mainEntityOfPage\":{\"@id\":\"https:\\\/\\\/firstteecanada.ca\\\/fr\\\/les-jeunes-du-ymca-de-saskatoon-decouvrent-le-golf-grace-au-programme-first-tee-prairies\\\/\"},\"wordCount\":598,\"publisher\":{\"@id\":\"https:\\\/\\\/firstteecanada.ca\\\/fr\\\/#organization\"},\"image\":{\"@id\":\"https:\\\/\\\/firstteecanada.ca\\\/fr\\\/les-jeunes-du-ymca-de-saskatoon-decouvrent-le-golf-grace-au-programme-first-tee-prairies\\\/#primaryimage\"},\"thumbnailUrl\":\"https:\\\/\\\/firstteecanada.ca\\\/wp-content\\\/uploads\\\/sites\\\/191\\\/2026\\\/06\\\/042.jpg\",\"keywords\":[\"adidas\",\"adidas Canada\",\"adidas Golf\",\"Bella Veloso\",\"Carole Picklyk\",\"David Dube\",\"David Dub\u00e9\",\"First Tee \u2013 Canada\",\"First Tee \u2013 Premier d\u00e9part\",\"First Tee \u2013 Premier d\u00e9part Canada\",\"gestionnaire\",\"gestionnaire de programme\",\"Golf\",\"Golf Canada\",\"Laura Small\",\"Monique Devine\",\"Programmes de golf inclusifs\",\"Riverside Country Club\",\"Saskatchewan\",\"Saskatoon\",\"YMCA de Saskatoon\"],\"articleSection\":[\"Nouvelles\"],\"inLanguage\":\"fr-FR\"},{\"@type\":\"WebPage\",\"@id\":\"https:\\\/\\\/firstteecanada.ca\\\/fr\\\/les-jeunes-du-ymca-de-saskatoon-decouvrent-le-golf-grace-au-programme-first-tee-prairies\\\/\",\"url\":\"https:\\\/\\\/firstteecanada.ca\\\/fr\\\/les-jeunes-du-ymca-de-saskatoon-decouvrent-le-golf-grace-au-programme-first-tee-prairies\\\/\",\"name\":\"Les jeunes du YMCA de Saskatoon d\u00e9couvrent le golf gr\u00e2ce au programme First Tee \u2013 Prairies - First Tee \u2013 Canada\",\"isPartOf\":{\"@id\":\"https:\\\/\\\/firstteecanada.ca\\\/fr\\\/#website\"},\"primaryImageOfPage\":{\"@id\":\"https:\\\/\\\/firstteecanada.ca\\\/fr\\\/les-jeunes-du-ymca-de-saskatoon-decouvrent-le-golf-grace-au-programme-first-tee-prairies\\\/#primaryimage\"},\"image\":{\"@id\":\"https:\\\/\\\/firstteecanada.ca\\\/fr\\\/les-jeunes-du-ymca-de-saskatoon-decouvrent-le-golf-grace-au-programme-first-tee-prairies\\\/#primaryimage\"},\"thumbnailUrl\":\"https:\\\/\\\/firstteecanada.ca\\\/wp-content\\\/uploads\\\/sites\\\/191\\\/2026\\\/06\\\/042.jpg\",\"datePublished\":\"2026-06-30T13:42:55+00:00\",\"dateModified\":\"2026-06-30T13:42:58+00:00\",\"breadcrumb\":{\"@id\":\"https:\\\/\\\/firstteecanada.ca\\\/fr\\\/les-jeunes-du-ymca-de-saskatoon-decouvrent-le-golf-grace-au-programme-first-tee-prairies\\\/#breadcrumb\"},\"inLanguage\":\"fr-FR\",\"potentialAction\":[{\"@type\":\"ReadAction\",\"target\":[\"https:\\\/\\\/firstteecanada.ca\\\/fr\\\/les-jeunes-du-ymca-de-saskatoon-decouvrent-le-golf-grace-au-programme-first-tee-prairies\\\/\"]}]},{\"@type\":\"ImageObject\",\"inLanguage\":\"fr-FR\",\"@id\":\"https:\\\/\\\/firstteecanada.ca\\\/fr\\\/les-jeunes-du-ymca-de-saskatoon-decouvrent-le-golf-grace-au-programme-first-tee-prairies\\\/#primaryimage\",\"url\":\"https:\\\/\\\/firstteecanada.ca\\\/wp-content\\\/uploads\\\/sites\\\/191\\\/2026\\\/06\\\/042.jpg\",\"contentUrl\":\"https:\\\/\\\/firstteecanada.ca\\\/wp-content\\\/uploads\\\/sites\\\/191\\\/2026\\\/06\\\/042.jpg\",\"width\":2048,\"height\":1365},{\"@type\":\"BreadcrumbList\",\"@id\":\"https:\\\/\\\/firstteecanada.ca\\\/fr\\\/les-jeunes-du-ymca-de-saskatoon-decouvrent-le-golf-grace-au-programme-first-tee-prairies\\\/#breadcrumb\",\"itemListElement\":[{\"@type\":\"ListItem\",\"position\":1,\"name\":\"Home\",\"item\":\"https:\\\/\\\/firstteecanada.ca\\\/fr\\\/\"},{\"@type\":\"ListItem\",\"position\":2,\"name\":\"Les jeunes du YMCA de Saskatoon d\u00e9couvrent le golf gr\u00e2ce au programme First Tee \u2013 Prairies\"}]},{\"@type\":\"WebSite\",\"@id\":\"https:\\\/\\\/firstteecanada.ca\\\/fr\\\/#website\",\"url\":\"https:\\\/\\\/firstteecanada.ca\\\/fr\\\/\",\"name\":\"First Tee \u2013 Canada\",\"description\":\"D\u00e9velopper les acteurs du changement\",\"publisher\":{\"@id\":\"https:\\\/\\\/firstteecanada.ca\\\/fr\\\/#organization\"},\"potentialAction\":[{\"@type\":\"SearchAction\",\"target\":{\"@type\":\"EntryPoint\",\"urlTemplate\":\"https:\\\/\\\/firstteecanada.ca\\\/fr\\\/?s={search_term_string}\"},\"query-input\":{\"@type\":\"PropertyValueSpecification\",\"valueRequired\":true,\"valueName\":\"search_term_string\"}}],\"inLanguage\":\"fr-FR\"},{\"@type\":\"Organization\",\"@id\":\"https:\\\/\\\/firstteecanada.ca\\\/fr\\\/#organization\",\"name\":\"First Tee \u2013 Canada\",\"url\":\"https:\\\/\\\/firstteecanada.ca\\\/fr\\\/\",\"logo\":{\"@type\":\"ImageObject\",\"inLanguage\":\"fr-FR\",\"@id\":\"https:\\\/\\\/firstteecanada.ca\\\/fr\\\/#\\\/schema\\\/logo\\\/image\\\/\",\"url\":\"https:\\\/\\\/firstteecanada.ca\\\/wp-content\\\/uploads\\\/sites\\\/191\\\/2025\\\/01\\\/RGB_Premier-Depart_Canada_Green-2.png\",\"contentUrl\":\"https:\\\/\\\/firstteecanada.ca\\\/wp-content\\\/uploads\\\/sites\\\/191\\\/2025\\\/01\\\/RGB_Premier-Depart_Canada_Green-2.png\",\"width\":4460,\"height\":2084,\"caption\":\"First Tee \u2013 Canada\"},\"image\":{\"@id\":\"https:\\\/\\\/firstteecanada.ca\\\/fr\\\/#\\\/schema\\\/logo\\\/image\\\/\"},\"sameAs\":[\"https:\\\/\\\/www.facebook.com\\\/GolfCanada\\\/\",\"https:\\\/\\\/x.com\\\/GolfCanada\",\"https:\\\/\\\/www.instagram.com\\\/thegolfcanada\\\/?hl=en\"]},{\"@type\":\"Person\",\"@id\":\"https:\\\/\\\/firstteecanada.ca\\\/fr\\\/#\\\/schema\\\/person\\\/cb328531d8f1fb5ee7249925c8fecc6a\",\"name\":\"khasmatali\",\"image\":{\"@type\":\"ImageObject\",\"inLanguage\":\"fr-FR\",\"@id\":\"https:\\\/\\\/secure.gravatar.com\\\/avatar\\\/fb7df890f9744018e0a6e96cf4c9df1e129a794ed4b149cf91ca9a1b603aafe6?s=96&d=mm&r=g\",\"url\":\"https:\\\/\\\/secure.gravatar.com\\\/avatar\\\/fb7df890f9744018e0a6e96cf4c9df1e129a794ed4b149cf91ca9a1b603aafe6?s=96&d=mm&r=g\",\"contentUrl\":\"https:\\\/\\\/secure.gravatar.com\\\/avatar\\\/fb7df890f9744018e0a6e96cf4c9df1e129a794ed4b149cf91ca9a1b603aafe6?s=96&d=mm&r=g\",\"caption\":\"khasmatali\"},\"url\":\"https:\\\/\\\/firstteecanada.ca\\\/fr\\\/author\\\/khasmatali\\\/\"}]}<\/script>\n<!-- \/ Yoast SEO plugin. -->","yoast_head_json":{"title":"Les jeunes du YMCA de Saskatoon d\u00e9couvrent le golf gr\u00e2ce au programme First Tee \u2013 Prairies - First Tee \u2013 Canada","robots":{"index":"index","follow":"follow","max-snippet":"max-snippet:-1","max-image-preview":"max-image-preview:large","max-video-preview":"max-video-preview:-1"},"canonical":"https:\/\/firstteecanada.ca\/fr\/les-jeunes-du-ymca-de-saskatoon-decouvrent-le-golf-grace-au-programme-first-tee-prairies\/","og_locale":"fr_FR","og_type":"article","og_title":"Les jeunes du YMCA de Saskatoon d\u00e9couvrent le golf gr\u00e2ce au programme First Tee \u2013 Prairies - First Tee \u2013 Canada","og_description":"SASKATOON, SK \u2013 Ce sont 24 jeunes du YMCA de Saskatoon qui ont r\u00e9cemment d\u00e9couvert le jeu de golf dans le cadre d\u2019un programme de quatre semaines de First Tee \u2013 Prairies au Riverside Country Club gr\u00e2ce \u00e0 la g\u00e9n\u00e9rosit\u00e9 du donateur David Dub\u00e9 et du soutien du partenaire national de First Tee \u2013 Premier [&hellip;]","og_url":"https:\/\/firstteecanada.ca\/fr\/les-jeunes-du-ymca-de-saskatoon-decouvrent-le-golf-grace-au-programme-first-tee-prairies\/","og_site_name":"First Tee \u2013 Canada","article_publisher":"https:\/\/www.facebook.com\/GolfCanada\/","article_published_time":"2026-06-30T13:42:55+00:00","article_modified_time":"2026-06-30T13:42:58+00:00","og_image":[{"width":2048,"height":1365,"url":"https:\/\/firstteecanada.ca\/wp-content\/uploads\/sites\/191\/2026\/06\/042.jpg","type":"image\/jpeg"}],"author":"khasmatali","twitter_card":"summary_large_image","twitter_creator":"@GolfCanada","twitter_site":"@GolfCanada","twitter_misc":{"\u00c9crit par":"khasmatali","Dur\u00e9e de lecture estim\u00e9e":"4 minutes"},"schema":{"@context":"https:\/\/schema.org","@graph":[{"@type":"Article","@id":"https:\/\/firstteecanada.ca\/fr\/les-jeunes-du-ymca-de-saskatoon-decouvrent-le-golf-grace-au-programme-first-tee-prairies\/#article","isPartOf":{"@id":"https:\/\/firstteecanada.ca\/fr\/les-jeunes-du-ymca-de-saskatoon-decouvrent-le-golf-grace-au-programme-first-tee-prairies\/"},"author":{"name":"khasmatali","@id":"https:\/\/firstteecanada.ca\/fr\/#\/schema\/person\/cb328531d8f1fb5ee7249925c8fecc6a"},"headline":"Les jeunes du YMCA de Saskatoon d\u00e9couvrent le golf gr\u00e2ce au programme First Tee \u2013 Prairies","datePublished":"2026-06-30T13:42:55+00:00","dateModified":"2026-06-30T13:42:58+00:00","mainEntityOfPage":{"@id":"https:\/\/firstteecanada.ca\/fr\/les-jeunes-du-ymca-de-saskatoon-decouvrent-le-golf-grace-au-programme-first-tee-prairies\/"},"wordCount":598,"publisher":{"@id":"https:\/\/firstteecanada.ca\/fr\/#organization"},"image":{"@id":"https:\/\/firstteecanada.ca\/fr\/les-jeunes-du-ymca-de-saskatoon-decouvrent-le-golf-grace-au-programme-first-tee-prairies\/#primaryimage"},"thumbnailUrl":"https:\/\/firstteecanada.ca\/wp-content\/uploads\/sites\/191\/2026\/06\/042.jpg","keywords":["adidas","adidas Canada","adidas Golf","Bella Veloso","Carole Picklyk","David Dube","David Dub\u00e9","First Tee \u2013 Canada","First Tee \u2013 Premier d\u00e9part","First Tee \u2013 Premier d\u00e9part Canada","gestionnaire","gestionnaire de programme","Golf","Golf Canada","Laura Small","Monique Devine","Programmes de golf inclusifs","Riverside Country Club","Saskatchewan","Saskatoon","YMCA de Saskatoon"],"articleSection":["Nouvelles"],"inLanguage":"fr-FR"},{"@type":"WebPage","@id":"https:\/\/firstteecanada.ca\/fr\/les-jeunes-du-ymca-de-saskatoon-decouvrent-le-golf-grace-au-programme-first-tee-prairies\/","url":"https:\/\/firstteecanada.ca\/fr\/les-jeunes-du-ymca-de-saskatoon-decouvrent-le-golf-grace-au-programme-first-tee-prairies\/","name":"Les jeunes du YMCA de Saskatoon d\u00e9couvrent le golf gr\u00e2ce au programme First Tee \u2013 Prairies - First Tee \u2013 Canada","isPartOf":{"@id":"https:\/\/firstteecanada.ca\/fr\/#website"},"primaryImageOfPage":{"@id":"https:\/\/firstteecanada.ca\/fr\/les-jeunes-du-ymca-de-saskatoon-decouvrent-le-golf-grace-au-programme-first-tee-prairies\/#primaryimage"},"image":{"@id":"https:\/\/firstteecanada.ca\/fr\/les-jeunes-du-ymca-de-saskatoon-decouvrent-le-golf-grace-au-programme-first-tee-prairies\/#primaryimage"},"thumbnailUrl":"https:\/\/firstteecanada.ca\/wp-content\/uploads\/sites\/191\/2026\/06\/042.jpg","datePublished":"2026-06-30T13:42:55+00:00","dateModified":"2026-06-30T13:42:58+00:00","breadcrumb":{"@id":"https:\/\/firstteecanada.ca\/fr\/les-jeunes-du-ymca-de-saskatoon-decouvrent-le-golf-grace-au-programme-first-tee-prairies\/#breadcrumb"},"inLanguage":"fr-FR","potentialAction":[{"@type":"ReadAction","target":["https:\/\/firstteecanada.ca\/fr\/les-jeunes-du-ymca-de-saskatoon-decouvrent-le-golf-grace-au-programme-first-tee-prairies\/"]}]},{"@type":"ImageObject","inLanguage":"fr-FR","@id":"https:\/\/firstteecanada.ca\/fr\/les-jeunes-du-ymca-de-saskatoon-decouvrent-le-golf-grace-au-programme-first-tee-prairies\/#primaryimage","url":"https:\/\/firstteecanada.ca\/wp-content\/uploads\/sites\/191\/2026\/06\/042.jpg","contentUrl":"https:\/\/firstteecanada.ca\/wp-content\/uploads\/sites\/191\/2026\/06\/042.jpg","width":2048,"height":1365},{"@type":"BreadcrumbList","@id":"https:\/\/firstteecanada.ca\/fr\/les-jeunes-du-ymca-de-saskatoon-decouvrent-le-golf-grace-au-programme-first-tee-prairies\/#breadcrumb","itemListElement":[{"@type":"ListItem","position":1,"name":"Home","item":"https:\/\/firstteecanada.ca\/fr\/"},{"@type":"ListItem","position":2,"name":"Les jeunes du YMCA de Saskatoon d\u00e9couvrent le golf gr\u00e2ce au programme First Tee \u2013 Prairies"}]},{"@type":"WebSite","@id":"https:\/\/firstteecanada.ca\/fr\/#website","url":"https:\/\/firstteecanada.ca\/fr\/","name":"First Tee \u2013 Canada","description":"D\u00e9velopper les acteurs du changement","publisher":{"@id":"https:\/\/firstteecanada.ca\/fr\/#organization"},"potentialAction":[{"@type":"SearchAction","target":{"@type":"EntryPoint","urlTemplate":"https:\/\/firstteecanada.ca\/fr\/?s={search_term_string}"},"query-input":{"@type":"PropertyValueSpecification","valueRequired":true,"valueName":"search_term_string"}}],"inLanguage":"fr-FR"},{"@type":"Organization","@id":"https:\/\/firstteecanada.ca\/fr\/#organization","name":"First Tee \u2013 Canada","url":"https:\/\/firstteecanada.ca\/fr\/","logo":{"@type":"ImageObject","inLanguage":"fr-FR","@id":"https:\/\/firstteecanada.ca\/fr\/#\/schema\/logo\/image\/","url":"https:\/\/firstteecanada.ca\/wp-content\/uploads\/sites\/191\/2025\/01\/RGB_Premier-Depart_Canada_Green-2.png","contentUrl":"https:\/\/firstteecanada.ca\/wp-content\/uploads\/sites\/191\/2025\/01\/RGB_Premier-Depart_Canada_Green-2.png","width":4460,"height":2084,"caption":"First Tee \u2013 Canada"},"image":{"@id":"https:\/\/firstteecanada.ca\/fr\/#\/schema\/logo\/image\/"},"sameAs":["https:\/\/www.facebook.com\/GolfCanada\/","https:\/\/x.com\/GolfCanada","https:\/\/www.instagram.com\/thegolfcanada\/?hl=en"]},{"@type":"Person","@id":"https:\/\/firstteecanada.ca\/fr\/#\/schema\/person\/cb328531d8f1fb5ee7249925c8fecc6a","name":"khasmatali","image":{"@type":"ImageObject","inLanguage":"fr-FR","@id":"https:\/\/secure.gravatar.com\/avatar\/fb7df890f9744018e0a6e96cf4c9df1e129a794ed4b149cf91ca9a1b603aafe6?s=96&d=mm&r=g","url":"https:\/\/secure.gravatar.com\/avatar\/fb7df890f9744018e0a6e96cf4c9df1e129a794ed4b149cf91ca9a1b603aafe6?s=96&d=mm&r=g","contentUrl":"https:\/\/secure.gravatar.com\/avatar\/fb7df890f9744018e0a6e96cf4c9df1e129a794ed4b149cf91ca9a1b603aafe6?s=96&d=mm&r=g","caption":"khasmatali"},"url":"https:\/\/firstteecanada.ca\/fr\/author\/khasmatali\/"}]}},"_links":{"self":[{"href":"https:\/\/firstteecanada.ca\/fr\/wp-json\/wp\/v2\/posts\/8478","targetHints":{"allow":["GET"]}}],"collection":[{"href":"https:\/\/firstteecanada.ca\/fr\/wp-json\/wp\/v2\/posts"}],"about":[{"href":"https:\/\/firstteecanada.ca\/fr\/wp-json\/wp\/v2\/types\/post"}],"author":[{"embeddable":true,"href":"https:\/\/firstteecanada.ca\/fr\/wp-json\/wp\/v2\/users\/6073"}],"replies":[{"embeddable":true,"href":"https:\/\/firstteecanada.ca\/fr\/wp-json\/wp\/v2\/comments?post=8478"}],"version-history":[{"count":0,"href":"https:\/\/firstteecanada.ca\/fr\/wp-json\/wp\/v2\/posts\/8478\/revisions"}],"wp:featuredmedia":[{"embeddable":true,"href":"https:\/\/firstteecanada.ca\/fr\/wp-json\/wp\/v2\/media\/8447"}],"wp:attachment":[{"href":"https:\/\/firstteecanada.ca\/fr\/wp-json\/wp\/v2\/media?parent=8478"}],"wp:term":[{"taxonomy":"category","embeddable":true,"href":"https:\/\/firstteecanada.ca\/fr\/wp-json\/wp\/v2\/categories?post=8478"},{"taxonomy":"post_tag","embeddable":true,"href":"https:\/\/firstteecanada.ca\/fr\/wp-json\/wp\/v2\/tags?post=8478"}],"curies":[{"name":"wp","href":"https:\/\/api.w.org\/{rel}","templated":true}]}},{"id":8440,"date":"2026-06-24T16:47:09","date_gmt":"2026-06-24T21:47:09","guid":{"rendered":"https:\/\/firstteecanada.ca\/?p=8440"},"modified":"2026-06-24T16:47:11","modified_gmt":"2026-06-24T21:47:11","slug":"first-tee-premier-depart-canada-fait-sa-marque-a-lomnium-canadien-rbc-2026","status":"publish","type":"post","link":"https:\/\/firstteecanada.ca\/fr\/first-tee-premier-depart-canada-fait-sa-marque-a-lomnium-canadien-rbc-2026\/","title":{"rendered":"First Tee \u2013 Premier d\u00e9part Canada fait sa marque \u00e0 l\u2019Omnium canadien RBC 2026"},"content":{"rendered":"\n<figure class=\"wp-block-image size-large\"><img loading=\"lazy\" decoding=\"async\" width=\"1024\" height=\"576\" src=\"https:\/\/firstteecanada.ca\/wp-content\/uploads\/sites\/191\/2026\/06\/LEADING-STORY-FT-at-RBCCO-1024x576.png\" alt=\"\" class=\"wp-image-8428\" srcset=\"https:\/\/firstteecanada.ca\/wp-content\/uploads\/sites\/191\/2026\/06\/LEADING-STORY-FT-at-RBCCO-1024x576.png 1024w, https:\/\/firstteecanada.ca\/wp-content\/uploads\/sites\/191\/2026\/06\/LEADING-STORY-FT-at-RBCCO-300x169.png 300w, https:\/\/firstteecanada.ca\/wp-content\/uploads\/sites\/191\/2026\/06\/LEADING-STORY-FT-at-RBCCO-768x432.png 768w, https:\/\/firstteecanada.ca\/wp-content\/uploads\/sites\/191\/2026\/06\/LEADING-STORY-FT-at-RBCCO-140x79.png 140w, https:\/\/firstteecanada.ca\/wp-content\/uploads\/sites\/191\/2026\/06\/LEADING-STORY-FT-at-RBCCO.png 1200w\" sizes=\"auto, (max-width: 1024px) 100vw, 1024px\" \/><\/figure>\n\n\n\n<p class=\"wp-block-paragraph\">First Tee \u2013 Premier d\u00e9part Canada a rejoint plus de 700 jeunes pendant une semaine d\u2019exp\u00e9riences enrichissantes dans le cadre de l\u2019Omnium canadien RBC 2026 au TPC Toronto d\u2019Osprey Valley, cr\u00e9ant des opportunit\u00e9s pour ces jeunes d\u2019explorer le golf de fa\u00e7on novatrice et passionnante.<\/p>\n\n\n\n<p class=\"wp-block-paragraph\">Mercredi, 52 participants de First Tee \u2013 Premier d\u00e9part Canada ont eu le privil\u00e8ge de \u00ab\u00a0Marcher avec un pro\u00a0\u00bb \u00e0 l\u2019embl\u00e9matique trou de la Patinoire pour vivre une exp\u00e9rience \u00e0 l\u2019int\u00e9rieur des cordes et jouer le premier coup roul\u00e9 du golfeur professionnel qu\u2019ils accompagnaient.<\/p>\n\n\n\n<figure class=\"wp-block-image size-large\"><img loading=\"lazy\" decoding=\"async\" width=\"1024\" height=\"576\" src=\"https:\/\/firstteecanada.ca\/wp-content\/uploads\/sites\/191\/2026\/06\/Aaron-Rai-WWAP-1024x576.jpg\" alt=\"\" class=\"wp-image-8441\" srcset=\"https:\/\/firstteecanada.ca\/wp-content\/uploads\/sites\/191\/2026\/06\/Aaron-Rai-WWAP-1024x576.jpg 1024w, https:\/\/firstteecanada.ca\/wp-content\/uploads\/sites\/191\/2026\/06\/Aaron-Rai-WWAP-300x169.jpg 300w, https:\/\/firstteecanada.ca\/wp-content\/uploads\/sites\/191\/2026\/06\/Aaron-Rai-WWAP-768x432.jpg 768w, https:\/\/firstteecanada.ca\/wp-content\/uploads\/sites\/191\/2026\/06\/Aaron-Rai-WWAP-140x79.jpg 140w, https:\/\/firstteecanada.ca\/wp-content\/uploads\/sites\/191\/2026\/06\/Aaron-Rai-WWAP.jpg 1200w\" sizes=\"auto, (max-width: 1024px) 100vw, 1024px\" \/><\/figure>\n\n\n\n<p class=\"wp-block-paragraph\">Pr\u00e8s de 70 jeunes ont aussi particip\u00e9 \u00e0 un atelier d\u2019initiation First Tee \u2013 Premier d\u00e9part pr\u00e9sent\u00e9 par adidas, o\u00f9 le professionnel canadien du PGA TOUR Nick Taylor a fait une apparition surprise.<\/p>\n\n\n\n<figure class=\"wp-block-image size-large\"><img loading=\"lazy\" decoding=\"async\" width=\"1024\" height=\"576\" src=\"https:\/\/firstteecanada.ca\/wp-content\/uploads\/sites\/191\/2026\/06\/06_10_First_Tee_Anthony_Nusca_72-edited-1024x576.jpg\" alt=\"\" class=\"wp-image-8432\" srcset=\"https:\/\/firstteecanada.ca\/wp-content\/uploads\/sites\/191\/2026\/06\/06_10_First_Tee_Anthony_Nusca_72-edited-1024x576.jpg 1024w, https:\/\/firstteecanada.ca\/wp-content\/uploads\/sites\/191\/2026\/06\/06_10_First_Tee_Anthony_Nusca_72-edited-300x169.jpg 300w, https:\/\/firstteecanada.ca\/wp-content\/uploads\/sites\/191\/2026\/06\/06_10_First_Tee_Anthony_Nusca_72-edited-768x432.jpg 768w, https:\/\/firstteecanada.ca\/wp-content\/uploads\/sites\/191\/2026\/06\/06_10_First_Tee_Anthony_Nusca_72-edited-1536x865.jpg 1536w, https:\/\/firstteecanada.ca\/wp-content\/uploads\/sites\/191\/2026\/06\/06_10_First_Tee_Anthony_Nusca_72-edited-2048x1153.jpg 2048w, https:\/\/firstteecanada.ca\/wp-content\/uploads\/sites\/191\/2026\/06\/06_10_First_Tee_Anthony_Nusca_72-edited-140x79.jpg 140w\" sizes=\"auto, (max-width: 1024px) 100vw, 1024px\" \/><\/figure>\n\n\n\n<p class=\"wp-block-paragraph\">Taylor a ensuite rejoint cinq participants de Golf junior communautaire RBC pour recr\u00e9er son coup roul\u00e9 historique de 72 pieds qui lui a donn\u00e9 la victoire \u00e0 l\u2019Omnium canadien RBC 2023. Tout au long de la semaine du tournoi, l\u2019activit\u00e9 Roul\u00e9 72\u2019 de Golf junior communautaire RBC a r\u00e9colt\u00e9 pr\u00e8s de 45&nbsp;000&nbsp;$, tandis que le tirage 50\/50 de Golf Canada a g\u00e9n\u00e9r\u00e9 pr\u00e8s de 63&nbsp;000&nbsp;$ pour First Tee \u2013 Premier d\u00e9part Canada, b\u00e9n\u00e9ficiaire de bienfaisance du tournoi.<\/p>\n\n\n\n<figure class=\"wp-block-gallery has-nested-images columns-default is-cropped wp-block-gallery-3 is-layout-flex wp-block-gallery-is-layout-flex\">\n<figure class=\"wp-block-image size-large\"><img loading=\"lazy\" decoding=\"async\" width=\"1024\" height=\"683\" data-id=\"8436\" src=\"https:\/\/firstteecanada.ca\/wp-content\/uploads\/sites\/191\/2026\/06\/06_10_72_Putt_Anthony_Nusca_58-1024x683.jpg\" alt=\"\" class=\"wp-image-8436\" srcset=\"https:\/\/firstteecanada.ca\/wp-content\/uploads\/sites\/191\/2026\/06\/06_10_72_Putt_Anthony_Nusca_58-1024x683.jpg 1024w, https:\/\/firstteecanada.ca\/wp-content\/uploads\/sites\/191\/2026\/06\/06_10_72_Putt_Anthony_Nusca_58-300x200.jpg 300w, https:\/\/firstteecanada.ca\/wp-content\/uploads\/sites\/191\/2026\/06\/06_10_72_Putt_Anthony_Nusca_58-768x513.jpg 768w, https:\/\/firstteecanada.ca\/wp-content\/uploads\/sites\/191\/2026\/06\/06_10_72_Putt_Anthony_Nusca_58-1536x1025.jpg 1536w, https:\/\/firstteecanada.ca\/wp-content\/uploads\/sites\/191\/2026\/06\/06_10_72_Putt_Anthony_Nusca_58-2048x1367.jpg 2048w, https:\/\/firstteecanada.ca\/wp-content\/uploads\/sites\/191\/2026\/06\/06_10_72_Putt_Anthony_Nusca_58-140x93.jpg 140w\" sizes=\"auto, (max-width: 1024px) 100vw, 1024px\" \/><\/figure>\n\n\n\n<figure class=\"wp-block-image size-large\"><img loading=\"lazy\" decoding=\"async\" width=\"1024\" height=\"683\" data-id=\"8434\" src=\"https:\/\/firstteecanada.ca\/wp-content\/uploads\/sites\/191\/2026\/06\/06_11_72_Putt_Anthony_Nusca_688-1024x683.jpg\" alt=\"\" class=\"wp-image-8434\" srcset=\"https:\/\/firstteecanada.ca\/wp-content\/uploads\/sites\/191\/2026\/06\/06_11_72_Putt_Anthony_Nusca_688-1024x683.jpg 1024w, https:\/\/firstteecanada.ca\/wp-content\/uploads\/sites\/191\/2026\/06\/06_11_72_Putt_Anthony_Nusca_688-300x200.jpg 300w, https:\/\/firstteecanada.ca\/wp-content\/uploads\/sites\/191\/2026\/06\/06_11_72_Putt_Anthony_Nusca_688-768x512.jpg 768w, https:\/\/firstteecanada.ca\/wp-content\/uploads\/sites\/191\/2026\/06\/06_11_72_Putt_Anthony_Nusca_688-1536x1024.jpg 1536w, https:\/\/firstteecanada.ca\/wp-content\/uploads\/sites\/191\/2026\/06\/06_11_72_Putt_Anthony_Nusca_688-2048x1365.jpg 2048w, https:\/\/firstteecanada.ca\/wp-content\/uploads\/sites\/191\/2026\/06\/06_11_72_Putt_Anthony_Nusca_688-140x93.jpg 140w\" sizes=\"auto, (max-width: 1024px) 100vw, 1024px\" \/><\/figure>\n<\/figure>\n\n\n\n<p class=\"wp-block-paragraph\">First Tee \u2013 Premier d\u00e9part Canada remercie les participants, les \u00e9coles, les organismes communautaires, les b\u00e9n\u00e9voles, les entra\u00eeneurs et le personnel de section qui ont contribu\u00e9 \u00e0 faire de cette semaine un v\u00e9ritable succ\u00e8s.<\/p>\n","protected":false},"excerpt":{"rendered":"<p>First Tee \u2013 Premier d\u00e9part Canada a rejoint plus de 700 jeunes pendant une semaine d\u2019exp\u00e9riences enrichissantes dans le cadre de l\u2019Omnium canadien RBC 2026 au TPC Toronto d\u2019Osprey Valley, cr\u00e9ant des opportunit\u00e9s pour ces jeunes d\u2019explorer le golf de fa\u00e7on novatrice et passionnante. Mercredi, 52 participants de First Tee \u2013 Premier d\u00e9part Canada ont [&hellip;]<\/p>\n","protected":false},"author":6073,"featured_media":8428,"comment_status":"closed","ping_status":"closed","sticky":true,"template":"","format":"standard","meta":{"_acf_changed":false,"footnotes":""},"categories":[56,40,55],"tags":[],"class_list":["post-8440","post","type-post","status-publish","format-standard","has-post-thumbnail","hentry","category-articles-en-vedette","category-non-classifiee","category-nouvelles"],"acf":[],"yoast_head":"<!-- This site is optimized with the Yoast SEO plugin v28.2 - https:\/\/yoast.com\/product\/yoast-seo-wordpress\/ -->\n<title>First Tee \u2013 Premier d\u00e9part Canada fait sa marque \u00e0 l\u2019Omnium canadien RBC 2026 - First Tee \u2013 Canada<\/title>\n<meta name=\"robots\" content=\"index, follow, max-snippet:-1, max-image-preview:large, max-video-preview:-1\" \/>\n<link rel=\"canonical\" href=\"https:\/\/firstteecanada.ca\/fr\/first-tee-premier-depart-canada-fait-sa-marque-a-lomnium-canadien-rbc-2026\/\" \/>\n<meta property=\"og:locale\" content=\"fr_FR\" \/>\n<meta property=\"og:type\" content=\"article\" \/>\n<meta property=\"og:title\" content=\"First Tee \u2013 Premier d\u00e9part Canada fait sa marque \u00e0 l\u2019Omnium canadien RBC 2026 - First Tee \u2013 Canada\" \/>\n<meta property=\"og:description\" content=\"First Tee \u2013 Premier d\u00e9part Canada a rejoint plus de 700 jeunes pendant une semaine d\u2019exp\u00e9riences enrichissantes dans le cadre de l\u2019Omnium canadien RBC 2026 au TPC Toronto d\u2019Osprey Valley, cr\u00e9ant des opportunit\u00e9s pour ces jeunes d\u2019explorer le golf de fa\u00e7on novatrice et passionnante. Mercredi, 52 participants de First Tee \u2013 Premier d\u00e9part Canada ont [&hellip;]\" \/>\n<meta property=\"og:url\" content=\"https:\/\/firstteecanada.ca\/fr\/first-tee-premier-depart-canada-fait-sa-marque-a-lomnium-canadien-rbc-2026\/\" \/>\n<meta property=\"og:site_name\" content=\"First Tee \u2013 Canada\" \/>\n<meta property=\"article:publisher\" content=\"https:\/\/www.facebook.com\/GolfCanada\/\" \/>\n<meta property=\"article:published_time\" content=\"2026-06-24T21:47:09+00:00\" \/>\n<meta property=\"article:modified_time\" content=\"2026-06-24T21:47:11+00:00\" \/>\n<meta property=\"og:image\" content=\"https:\/\/firstteecanada.ca\/wp-content\/uploads\/sites\/191\/2026\/06\/LEADING-STORY-FT-at-RBCCO.png\" \/>\n\t<meta property=\"og:image:width\" content=\"1200\" \/>\n\t<meta property=\"og:image:height\" content=\"675\" \/>\n\t<meta property=\"og:image:type\" content=\"image\/png\" \/>\n<meta name=\"author\" content=\"khasmatali\" \/>\n<meta name=\"twitter:card\" content=\"summary_large_image\" \/>\n<meta name=\"twitter:creator\" content=\"@GolfCanada\" \/>\n<meta name=\"twitter:site\" content=\"@GolfCanada\" \/>\n<meta name=\"twitter:label1\" content=\"\u00c9crit par\" \/>\n\t<meta name=\"twitter:data1\" content=\"khasmatali\" \/>\n\t<meta name=\"twitter:label2\" content=\"Dur\u00e9e de lecture estim\u00e9e\" \/>\n\t<meta name=\"twitter:data2\" content=\"3 minutes\" \/>\n<script type=\"application\/ld+json\" class=\"yoast-schema-graph\">{\"@context\":\"https:\\\/\\\/schema.org\",\"@graph\":[{\"@type\":\"Article\",\"@id\":\"https:\\\/\\\/firstteecanada.ca\\\/fr\\\/first-tee-premier-depart-canada-fait-sa-marque-a-lomnium-canadien-rbc-2026\\\/#article\",\"isPartOf\":{\"@id\":\"https:\\\/\\\/firstteecanada.ca\\\/fr\\\/first-tee-premier-depart-canada-fait-sa-marque-a-lomnium-canadien-rbc-2026\\\/\"},\"author\":{\"name\":\"khasmatali\",\"@id\":\"https:\\\/\\\/firstteecanada.ca\\\/fr\\\/#\\\/schema\\\/person\\\/cb328531d8f1fb5ee7249925c8fecc6a\"},\"headline\":\"First Tee \u2013 Premier d\u00e9part Canada fait sa marque \u00e0 l\u2019Omnium canadien RBC 2026\",\"datePublished\":\"2026-06-24T21:47:09+00:00\",\"dateModified\":\"2026-06-24T21:47:11+00:00\",\"mainEntityOfPage\":{\"@id\":\"https:\\\/\\\/firstteecanada.ca\\\/fr\\\/first-tee-premier-depart-canada-fait-sa-marque-a-lomnium-canadien-rbc-2026\\\/\"},\"wordCount\":267,\"publisher\":{\"@id\":\"https:\\\/\\\/firstteecanada.ca\\\/fr\\\/#organization\"},\"image\":{\"@id\":\"https:\\\/\\\/firstteecanada.ca\\\/fr\\\/first-tee-premier-depart-canada-fait-sa-marque-a-lomnium-canadien-rbc-2026\\\/#primaryimage\"},\"thumbnailUrl\":\"https:\\\/\\\/firstteecanada.ca\\\/wp-content\\\/uploads\\\/sites\\\/191\\\/2026\\\/06\\\/LEADING-STORY-FT-at-RBCCO.png\",\"articleSection\":[\"Articles en vedette\",\"Non classifi\u00e9(e)\",\"Nouvelles\"],\"inLanguage\":\"fr-FR\"},{\"@type\":\"WebPage\",\"@id\":\"https:\\\/\\\/firstteecanada.ca\\\/fr\\\/first-tee-premier-depart-canada-fait-sa-marque-a-lomnium-canadien-rbc-2026\\\/\",\"url\":\"https:\\\/\\\/firstteecanada.ca\\\/fr\\\/first-tee-premier-depart-canada-fait-sa-marque-a-lomnium-canadien-rbc-2026\\\/\",\"name\":\"First Tee \u2013 Premier d\u00e9part Canada fait sa marque \u00e0 l\u2019Omnium canadien RBC 2026 - First Tee \u2013 Canada\",\"isPartOf\":{\"@id\":\"https:\\\/\\\/firstteecanada.ca\\\/fr\\\/#website\"},\"primaryImageOfPage\":{\"@id\":\"https:\\\/\\\/firstteecanada.ca\\\/fr\\\/first-tee-premier-depart-canada-fait-sa-marque-a-lomnium-canadien-rbc-2026\\\/#primaryimage\"},\"image\":{\"@id\":\"https:\\\/\\\/firstteecanada.ca\\\/fr\\\/first-tee-premier-depart-canada-fait-sa-marque-a-lomnium-canadien-rbc-2026\\\/#primaryimage\"},\"thumbnailUrl\":\"https:\\\/\\\/firstteecanada.ca\\\/wp-content\\\/uploads\\\/sites\\\/191\\\/2026\\\/06\\\/LEADING-STORY-FT-at-RBCCO.png\",\"datePublished\":\"2026-06-24T21:47:09+00:00\",\"dateModified\":\"2026-06-24T21:47:11+00:00\",\"breadcrumb\":{\"@id\":\"https:\\\/\\\/firstteecanada.ca\\\/fr\\\/first-tee-premier-depart-canada-fait-sa-marque-a-lomnium-canadien-rbc-2026\\\/#breadcrumb\"},\"inLanguage\":\"fr-FR\",\"potentialAction\":[{\"@type\":\"ReadAction\",\"target\":[\"https:\\\/\\\/firstteecanada.ca\\\/fr\\\/first-tee-premier-depart-canada-fait-sa-marque-a-lomnium-canadien-rbc-2026\\\/\"]}]},{\"@type\":\"ImageObject\",\"inLanguage\":\"fr-FR\",\"@id\":\"https:\\\/\\\/firstteecanada.ca\\\/fr\\\/first-tee-premier-depart-canada-fait-sa-marque-a-lomnium-canadien-rbc-2026\\\/#primaryimage\",\"url\":\"https:\\\/\\\/firstteecanada.ca\\\/wp-content\\\/uploads\\\/sites\\\/191\\\/2026\\\/06\\\/LEADING-STORY-FT-at-RBCCO.png\",\"contentUrl\":\"https:\\\/\\\/firstteecanada.ca\\\/wp-content\\\/uploads\\\/sites\\\/191\\\/2026\\\/06\\\/LEADING-STORY-FT-at-RBCCO.png\",\"width\":1200,\"height\":675},{\"@type\":\"BreadcrumbList\",\"@id\":\"https:\\\/\\\/firstteecanada.ca\\\/fr\\\/first-tee-premier-depart-canada-fait-sa-marque-a-lomnium-canadien-rbc-2026\\\/#breadcrumb\",\"itemListElement\":[{\"@type\":\"ListItem\",\"position\":1,\"name\":\"Home\",\"item\":\"https:\\\/\\\/firstteecanada.ca\\\/fr\\\/\"},{\"@type\":\"ListItem\",\"position\":2,\"name\":\"First Tee \u2013 Premier d\u00e9part Canada fait sa marque \u00e0 l\u2019Omnium canadien RBC 2026\"}]},{\"@type\":\"WebSite\",\"@id\":\"https:\\\/\\\/firstteecanada.ca\\\/fr\\\/#website\",\"url\":\"https:\\\/\\\/firstteecanada.ca\\\/fr\\\/\",\"name\":\"First Tee \u2013 Canada\",\"description\":\"D\u00e9velopper les acteurs du changement\",\"publisher\":{\"@id\":\"https:\\\/\\\/firstteecanada.ca\\\/fr\\\/#organization\"},\"potentialAction\":[{\"@type\":\"SearchAction\",\"target\":{\"@type\":\"EntryPoint\",\"urlTemplate\":\"https:\\\/\\\/firstteecanada.ca\\\/fr\\\/?s={search_term_string}\"},\"query-input\":{\"@type\":\"PropertyValueSpecification\",\"valueRequired\":true,\"valueName\":\"search_term_string\"}}],\"inLanguage\":\"fr-FR\"},{\"@type\":\"Organization\",\"@id\":\"https:\\\/\\\/firstteecanada.ca\\\/fr\\\/#organization\",\"name\":\"First Tee \u2013 Canada\",\"url\":\"https:\\\/\\\/firstteecanada.ca\\\/fr\\\/\",\"logo\":{\"@type\":\"ImageObject\",\"inLanguage\":\"fr-FR\",\"@id\":\"https:\\\/\\\/firstteecanada.ca\\\/fr\\\/#\\\/schema\\\/logo\\\/image\\\/\",\"url\":\"https:\\\/\\\/firstteecanada.ca\\\/wp-content\\\/uploads\\\/sites\\\/191\\\/2025\\\/01\\\/RGB_Premier-Depart_Canada_Green-2.png\",\"contentUrl\":\"https:\\\/\\\/firstteecanada.ca\\\/wp-content\\\/uploads\\\/sites\\\/191\\\/2025\\\/01\\\/RGB_Premier-Depart_Canada_Green-2.png\",\"width\":4460,\"height\":2084,\"caption\":\"First Tee \u2013 Canada\"},\"image\":{\"@id\":\"https:\\\/\\\/firstteecanada.ca\\\/fr\\\/#\\\/schema\\\/logo\\\/image\\\/\"},\"sameAs\":[\"https:\\\/\\\/www.facebook.com\\\/GolfCanada\\\/\",\"https:\\\/\\\/x.com\\\/GolfCanada\",\"https:\\\/\\\/www.instagram.com\\\/thegolfcanada\\\/?hl=en\"]},{\"@type\":\"Person\",\"@id\":\"https:\\\/\\\/firstteecanada.ca\\\/fr\\\/#\\\/schema\\\/person\\\/cb328531d8f1fb5ee7249925c8fecc6a\",\"name\":\"khasmatali\",\"image\":{\"@type\":\"ImageObject\",\"inLanguage\":\"fr-FR\",\"@id\":\"https:\\\/\\\/secure.gravatar.com\\\/avatar\\\/fb7df890f9744018e0a6e96cf4c9df1e129a794ed4b149cf91ca9a1b603aafe6?s=96&d=mm&r=g\",\"url\":\"https:\\\/\\\/secure.gravatar.com\\\/avatar\\\/fb7df890f9744018e0a6e96cf4c9df1e129a794ed4b149cf91ca9a1b603aafe6?s=96&d=mm&r=g\",\"contentUrl\":\"https:\\\/\\\/secure.gravatar.com\\\/avatar\\\/fb7df890f9744018e0a6e96cf4c9df1e129a794ed4b149cf91ca9a1b603aafe6?s=96&d=mm&r=g\",\"caption\":\"khasmatali\"},\"url\":\"https:\\\/\\\/firstteecanada.ca\\\/fr\\\/author\\\/khasmatali\\\/\"}]}<\/script>\n<!-- \/ Yoast SEO plugin. -->","yoast_head_json":{"title":"First Tee \u2013 Premier d\u00e9part Canada fait sa marque \u00e0 l\u2019Omnium canadien RBC 2026 - First Tee \u2013 Canada","robots":{"index":"index","follow":"follow","max-snippet":"max-snippet:-1","max-image-preview":"max-image-preview:large","max-video-preview":"max-video-preview:-1"},"canonical":"https:\/\/firstteecanada.ca\/fr\/first-tee-premier-depart-canada-fait-sa-marque-a-lomnium-canadien-rbc-2026\/","og_locale":"fr_FR","og_type":"article","og_title":"First Tee \u2013 Premier d\u00e9part Canada fait sa marque \u00e0 l\u2019Omnium canadien RBC 2026 - First Tee \u2013 Canada","og_description":"First Tee \u2013 Premier d\u00e9part Canada a rejoint plus de 700 jeunes pendant une semaine d\u2019exp\u00e9riences enrichissantes dans le cadre de l\u2019Omnium canadien RBC 2026 au TPC Toronto d\u2019Osprey Valley, cr\u00e9ant des opportunit\u00e9s pour ces jeunes d\u2019explorer le golf de fa\u00e7on novatrice et passionnante. Mercredi, 52 participants de First Tee \u2013 Premier d\u00e9part Canada ont [&hellip;]","og_url":"https:\/\/firstteecanada.ca\/fr\/first-tee-premier-depart-canada-fait-sa-marque-a-lomnium-canadien-rbc-2026\/","og_site_name":"First Tee \u2013 Canada","article_publisher":"https:\/\/www.facebook.com\/GolfCanada\/","article_published_time":"2026-06-24T21:47:09+00:00","article_modified_time":"2026-06-24T21:47:11+00:00","og_image":[{"width":1200,"height":675,"url":"https:\/\/firstteecanada.ca\/wp-content\/uploads\/sites\/191\/2026\/06\/LEADING-STORY-FT-at-RBCCO.png","type":"image\/png"}],"author":"khasmatali","twitter_card":"summary_large_image","twitter_creator":"@GolfCanada","twitter_site":"@GolfCanada","twitter_misc":{"\u00c9crit par":"khasmatali","Dur\u00e9e de lecture estim\u00e9e":"3 minutes"},"schema":{"@context":"https:\/\/schema.org","@graph":[{"@type":"Article","@id":"https:\/\/firstteecanada.ca\/fr\/first-tee-premier-depart-canada-fait-sa-marque-a-lomnium-canadien-rbc-2026\/#article","isPartOf":{"@id":"https:\/\/firstteecanada.ca\/fr\/first-tee-premier-depart-canada-fait-sa-marque-a-lomnium-canadien-rbc-2026\/"},"author":{"name":"khasmatali","@id":"https:\/\/firstteecanada.ca\/fr\/#\/schema\/person\/cb328531d8f1fb5ee7249925c8fecc6a"},"headline":"First Tee \u2013 Premier d\u00e9part Canada fait sa marque \u00e0 l\u2019Omnium canadien RBC 2026","datePublished":"2026-06-24T21:47:09+00:00","dateModified":"2026-06-24T21:47:11+00:00","mainEntityOfPage":{"@id":"https:\/\/firstteecanada.ca\/fr\/first-tee-premier-depart-canada-fait-sa-marque-a-lomnium-canadien-rbc-2026\/"},"wordCount":267,"publisher":{"@id":"https:\/\/firstteecanada.ca\/fr\/#organization"},"image":{"@id":"https:\/\/firstteecanada.ca\/fr\/first-tee-premier-depart-canada-fait-sa-marque-a-lomnium-canadien-rbc-2026\/#primaryimage"},"thumbnailUrl":"https:\/\/firstteecanada.ca\/wp-content\/uploads\/sites\/191\/2026\/06\/LEADING-STORY-FT-at-RBCCO.png","articleSection":["Articles en vedette","Non classifi\u00e9(e)","Nouvelles"],"inLanguage":"fr-FR"},{"@type":"WebPage","@id":"https:\/\/firstteecanada.ca\/fr\/first-tee-premier-depart-canada-fait-sa-marque-a-lomnium-canadien-rbc-2026\/","url":"https:\/\/firstteecanada.ca\/fr\/first-tee-premier-depart-canada-fait-sa-marque-a-lomnium-canadien-rbc-2026\/","name":"First Tee \u2013 Premier d\u00e9part Canada fait sa marque \u00e0 l\u2019Omnium canadien RBC 2026 - First Tee \u2013 Canada","isPartOf":{"@id":"https:\/\/firstteecanada.ca\/fr\/#website"},"primaryImageOfPage":{"@id":"https:\/\/firstteecanada.ca\/fr\/first-tee-premier-depart-canada-fait-sa-marque-a-lomnium-canadien-rbc-2026\/#primaryimage"},"image":{"@id":"https:\/\/firstteecanada.ca\/fr\/first-tee-premier-depart-canada-fait-sa-marque-a-lomnium-canadien-rbc-2026\/#primaryimage"},"thumbnailUrl":"https:\/\/firstteecanada.ca\/wp-content\/uploads\/sites\/191\/2026\/06\/LEADING-STORY-FT-at-RBCCO.png","datePublished":"2026-06-24T21:47:09+00:00","dateModified":"2026-06-24T21:47:11+00:00","breadcrumb":{"@id":"https:\/\/firstteecanada.ca\/fr\/first-tee-premier-depart-canada-fait-sa-marque-a-lomnium-canadien-rbc-2026\/#breadcrumb"},"inLanguage":"fr-FR","potentialAction":[{"@type":"ReadAction","target":["https:\/\/firstteecanada.ca\/fr\/first-tee-premier-depart-canada-fait-sa-marque-a-lomnium-canadien-rbc-2026\/"]}]},{"@type":"ImageObject","inLanguage":"fr-FR","@id":"https:\/\/firstteecanada.ca\/fr\/first-tee-premier-depart-canada-fait-sa-marque-a-lomnium-canadien-rbc-2026\/#primaryimage","url":"https:\/\/firstteecanada.ca\/wp-content\/uploads\/sites\/191\/2026\/06\/LEADING-STORY-FT-at-RBCCO.png","contentUrl":"https:\/\/firstteecanada.ca\/wp-content\/uploads\/sites\/191\/2026\/06\/LEADING-STORY-FT-at-RBCCO.png","width":1200,"height":675},{"@type":"BreadcrumbList","@id":"https:\/\/firstteecanada.ca\/fr\/first-tee-premier-depart-canada-fait-sa-marque-a-lomnium-canadien-rbc-2026\/#breadcrumb","itemListElement":[{"@type":"ListItem","position":1,"name":"Home","item":"https:\/\/firstteecanada.ca\/fr\/"},{"@type":"ListItem","position":2,"name":"First Tee \u2013 Premier d\u00e9part Canada fait sa marque \u00e0 l\u2019Omnium canadien RBC 2026"}]},{"@type":"WebSite","@id":"https:\/\/firstteecanada.ca\/fr\/#website","url":"https:\/\/firstteecanada.ca\/fr\/","name":"First Tee \u2013 Canada","description":"D\u00e9velopper les acteurs du changement","publisher":{"@id":"https:\/\/firstteecanada.ca\/fr\/#organization"},"potentialAction":[{"@type":"SearchAction","target":{"@type":"EntryPoint","urlTemplate":"https:\/\/firstteecanada.ca\/fr\/?s={search_term_string}"},"query-input":{"@type":"PropertyValueSpecification","valueRequired":true,"valueName":"search_term_string"}}],"inLanguage":"fr-FR"},{"@type":"Organization","@id":"https:\/\/firstteecanada.ca\/fr\/#organization","name":"First Tee \u2013 Canada","url":"https:\/\/firstteecanada.ca\/fr\/","logo":{"@type":"ImageObject","inLanguage":"fr-FR","@id":"https:\/\/firstteecanada.ca\/fr\/#\/schema\/logo\/image\/","url":"https:\/\/firstteecanada.ca\/wp-content\/uploads\/sites\/191\/2025\/01\/RGB_Premier-Depart_Canada_Green-2.png","contentUrl":"https:\/\/firstteecanada.ca\/wp-content\/uploads\/sites\/191\/2025\/01\/RGB_Premier-Depart_Canada_Green-2.png","width":4460,"height":2084,"caption":"First Tee \u2013 Canada"},"image":{"@id":"https:\/\/firstteecanada.ca\/fr\/#\/schema\/logo\/image\/"},"sameAs":["https:\/\/www.facebook.com\/GolfCanada\/","https:\/\/x.com\/GolfCanada","https:\/\/www.instagram.com\/thegolfcanada\/?hl=en"]},{"@type":"Person","@id":"https:\/\/firstteecanada.ca\/fr\/#\/schema\/person\/cb328531d8f1fb5ee7249925c8fecc6a","name":"khasmatali","image":{"@type":"ImageObject","inLanguage":"fr-FR","@id":"https:\/\/secure.gravatar.com\/avatar\/fb7df890f9744018e0a6e96cf4c9df1e129a794ed4b149cf91ca9a1b603aafe6?s=96&d=mm&r=g","url":"https:\/\/secure.gravatar.com\/avatar\/fb7df890f9744018e0a6e96cf4c9df1e129a794ed4b149cf91ca9a1b603aafe6?s=96&d=mm&r=g","contentUrl":"https:\/\/secure.gravatar.com\/avatar\/fb7df890f9744018e0a6e96cf4c9df1e129a794ed4b149cf91ca9a1b603aafe6?s=96&d=mm&r=g","caption":"khasmatali"},"url":"https:\/\/firstteecanada.ca\/fr\/author\/khasmatali\/"}]}},"_links":{"self":[{"href":"https:\/\/firstteecanada.ca\/fr\/wp-json\/wp\/v2\/posts\/8440","targetHints":{"allow":["GET"]}}],"collection":[{"href":"https:\/\/firstteecanada.ca\/fr\/wp-json\/wp\/v2\/posts"}],"about":[{"href":"https:\/\/firstteecanada.ca\/fr\/wp-json\/wp\/v2\/types\/post"}],"author":[{"embeddable":true,"href":"https:\/\/firstteecanada.ca\/fr\/wp-json\/wp\/v2\/users\/6073"}],"replies":[{"embeddable":true,"href":"https:\/\/firstteecanada.ca\/fr\/wp-json\/wp\/v2\/comments?post=8440"}],"version-history":[{"count":0,"href":"https:\/\/firstteecanada.ca\/fr\/wp-json\/wp\/v2\/posts\/8440\/revisions"}],"wp:featuredmedia":[{"embeddable":true,"href":"https:\/\/firstteecanada.ca\/fr\/wp-json\/wp\/v2\/media\/8428"}],"wp:attachment":[{"href":"https:\/\/firstteecanada.ca\/fr\/wp-json\/wp\/v2\/media?parent=8440"}],"wp:term":[{"taxonomy":"category","embeddable":true,"href":"https:\/\/firstteecanada.ca\/fr\/wp-json\/wp\/v2\/categories?post=8440"},{"taxonomy":"post_tag","embeddable":true,"href":"https:\/\/firstteecanada.ca\/fr\/wp-json\/wp\/v2\/tags?post=8440"}],"curies":[{"name":"wp","href":"https:\/\/api.w.org\/{rel}","templated":true}]}},{"id":8408,"date":"2026-06-18T14:06:07","date_gmt":"2026-06-18T19:06:07","guid":{"rendered":"https:\/\/firstteecanada.ca\/?p=8408"},"modified":"2026-06-22T10:31:49","modified_gmt":"2026-06-22T15:31:49","slug":"journee-nationale-des-peuples-autochtones-first-tee-premier-depart-canada-batit-de-solides-liens-avec-les-communautes-pour-aider-les-jeunes-autochtones-a-decouvrir-le-golf","status":"publish","type":"post","link":"https:\/\/firstteecanada.ca\/fr\/journee-nationale-des-peuples-autochtones-first-tee-premier-depart-canada-batit-de-solides-liens-avec-les-communautes-pour-aider-les-jeunes-autochtones-a-decouvrir-le-golf\/","title":{"rendered":"Journ\u00e9e nationale des peuples autochtones\u00a0: First Tee \u2013 Premier d\u00e9part Canada b\u00e2tit de solides liens avec les communaut\u00e9s pour aider les jeunes Autochtones \u00e0 d\u00e9couvrir le golf"},"content":{"rendered":"<div class=\"wp-block-image\">\n<figure class=\"aligncenter size-large\"><img loading=\"lazy\" decoding=\"async\" width=\"1024\" height=\"576\" src=\"https:\/\/firstteecanada.ca\/wp-content\/uploads\/sites\/191\/2026\/06\/IPD_1920x1080_FR-1024x576.jpg\" alt=\"\" class=\"wp-image-8409\" srcset=\"https:\/\/firstteecanada.ca\/wp-content\/uploads\/sites\/191\/2026\/06\/IPD_1920x1080_FR-1024x576.jpg 1024w, https:\/\/firstteecanada.ca\/wp-content\/uploads\/sites\/191\/2026\/06\/IPD_1920x1080_FR-300x169.jpg 300w, https:\/\/firstteecanada.ca\/wp-content\/uploads\/sites\/191\/2026\/06\/IPD_1920x1080_FR-768x432.jpg 768w, https:\/\/firstteecanada.ca\/wp-content\/uploads\/sites\/191\/2026\/06\/IPD_1920x1080_FR-1536x864.jpg 1536w, https:\/\/firstteecanada.ca\/wp-content\/uploads\/sites\/191\/2026\/06\/IPD_1920x1080_FR-140x79.jpg 140w, https:\/\/firstteecanada.ca\/wp-content\/uploads\/sites\/191\/2026\/06\/IPD_1920x1080_FR.jpg 1920w\" sizes=\"auto, (max-width: 1024px) 100vw, 1024px\" \/><\/figure>\n<\/div>\n\n\n<p class=\"wp-block-paragraph\">Alors que les communaut\u00e9s partout au Canada c\u00e9l\u00e8brent la Journ\u00e9e nationale des peuples autochtones le 21 juin, les sections de First Tee \u2013 Premier d\u00e9part Canada continuent de b\u00e2tir des relations significatives avec les Premi\u00e8res Nations pour initier les jeunes Autochtones au golf et aux comp\u00e9tences de vie associ\u00e9es au sport.<\/p>\n\n\n\n<p class=\"wp-block-paragraph\">Dans le cadre de collaborations avec plus de 40 \u00e9coles, terrains de golf, communaut\u00e9s et organisations autochtones, les programmes First Tee \u2013 Premier d\u00e9part Canada sont offerts dans des communaut\u00e9s autochtones d\u2019un oc\u00e9an \u00e0 l\u2019autre.<\/p>\n\n\n\n<p class=\"wp-block-paragraph\">Depuis sa cr\u00e9ation en 2021, First Tee \u2013 Premier d\u00e9part Canada a rejoint plus de 13&nbsp;000 jeunes Autochtones gr\u00e2ce \u00e0 des programmes scolaires, des \u00e9v\u00e9nements communautaires, des ateliers d\u2019initiation au golf et des exp\u00e9riences sur le terrain qu\u2019offrent plus de 20 entra\u00eeneurs First Tee \u2013 Premier d\u00e9part autochtones \u00e0 travers le pays.<\/p>\n\n\n\n<p class=\"wp-block-paragraph\">\u00ab&nbsp;Le succ\u00e8s de ces programmes t\u00e9moigne de la confiance, du leadership et de l\u2019engagement de nos partenaires autochtones de partout au Canada, a d\u00e9clar\u00e9 Adam Hunter, directeur ex\u00e9cutif de First Tee \u2013 Premier d\u00e9part Canada. Ensemble, nous cr\u00e9ons des occasions pour les jeunes de renforcer leurs liens avec leur communaut\u00e9, d\u2019acqu\u00e9rir d\u2019importantes comp\u00e9tences de vie et de d\u00e9couvrir le golf dans des environnements accueillants et inclusifs.&nbsp;\u00bb<\/p>\n\n\n\n<p class=\"wp-block-paragraph\">En Colombie-Britannique, First Tee a \u00e9tabli de nombreux partenariats avec des communaut\u00e9s autochtones comme la Nation Musqueam, la Nation Squamish, la Nation Tsleil-Waututh, la Premi\u00e8re Nation de Williams Lake, la Premi\u00e8re Nation de Westbank et la Premi\u00e8re Nation de Kamloops.<\/p>\n\n\n\n<p class=\"wp-block-paragraph\">Cette ann\u00e9e, First Tee \u2013 British Columbia a rejoint des jeunes Autochtones gr\u00e2ce \u00e0 des programmes scolaires, \u00e0 des ateliers pr\u00e9sent\u00e9s dans le cadre du Championnat autochtone de BC Golf et \u00e0 une activit\u00e9 lors d\u2019une des plus grandes c\u00e9l\u00e9brations de la Journ\u00e9e nationale des peuples autochtones de la province. D\u2019autres \u00e9v\u00e9nements de relations communautaires sont pr\u00e9vues tout au long de l\u2019\u00e9t\u00e9 dans des communaut\u00e9s \u00e9loign\u00e9es.<\/p>\n\n\n<div class=\"wp-block-image\">\n<figure class=\"aligncenter size-large\"><img loading=\"lazy\" decoding=\"async\" width=\"2560\" height=\"1441\" src=\"https:\/\/firstteecanada.ca\/wp-content\/uploads\/sites\/191\/2026\/06\/\u023dAU-WEL\u1e48EW\u0331-Tribal-School-Edited-edited-scaled.jpg\" alt=\"\" class=\"wp-image-8417\" srcset=\"https:\/\/firstteecanada.ca\/wp-content\/uploads\/sites\/191\/2026\/06\/\u023dAU-WEL\u1e48EW\u0331-Tribal-School-Edited-edited-scaled.jpg 2560w, https:\/\/firstteecanada.ca\/wp-content\/uploads\/sites\/191\/2026\/06\/\u023dAU-WEL\u1e48EW\u0331-Tribal-School-Edited-edited-300x169.jpg 300w, https:\/\/firstteecanada.ca\/wp-content\/uploads\/sites\/191\/2026\/06\/\u023dAU-WEL\u1e48EW\u0331-Tribal-School-Edited-edited-1024x576.jpg 1024w, https:\/\/firstteecanada.ca\/wp-content\/uploads\/sites\/191\/2026\/06\/\u023dAU-WEL\u1e48EW\u0331-Tribal-School-Edited-edited-768x432.jpg 768w, https:\/\/firstteecanada.ca\/wp-content\/uploads\/sites\/191\/2026\/06\/\u023dAU-WEL\u1e48EW\u0331-Tribal-School-Edited-edited-1536x865.jpg 1536w, https:\/\/firstteecanada.ca\/wp-content\/uploads\/sites\/191\/2026\/06\/\u023dAU-WEL\u1e48EW\u0331-Tribal-School-Edited-edited-2048x1153.jpg 2048w, https:\/\/firstteecanada.ca\/wp-content\/uploads\/sites\/191\/2026\/06\/\u023dAU-WEL\u1e48EW\u0331-Tribal-School-Edited-edited-140x79.jpg 140w\" sizes=\"auto, (max-width: 2560px) 100vw, 2560px\" \/><figcaption class=\"wp-element-caption\"><em>\u00c9cole \u023d\u00c1U, WEL\u1e48EW\u0331 Tribal School<\/em><\/figcaption><\/figure>\n<\/div>\n\n\n<p class=\"wp-block-paragraph\">En Alberta, First Tee collabore avec l\u2019Association 7 Generations Golf, les Premi\u00e8res Nations de Cold Lake, le Conseil sportif autochtone d\u2019Alberta, la Premi\u00e8re Nation d\u2019Alexander et des \u00e9coles de la Premi\u00e8re Nation de Frog Lake et de la Nation Tsuut\u2019ina.<\/p>\n\n\n\n<p class=\"wp-block-paragraph\">Pour la Journ\u00e9e nationale des peuples autochtones, First Tee \u2013 Alberta et l\u2019Association 7 Generations Golf organisent un atelier d\u2019initiation au golf pour les jeunes de la Nation Tsuut\u2019ina sur le terrain du Redwood Meadows Golf Course, sous la direction d\u2019entra\u00eeneurs autochtones, dont le champion de la section Andrew Fox qui aide \u00e0 int\u00e9grer des approches culturellement pertinentes dans le programme de comp\u00e9tences de vie de First Tee.<\/p>\n\n\n\n<p class=\"wp-block-paragraph\">\u00ab&nbsp;First Tee \u2013 Alberta et 7 Generations Golf partagent une puissante mission, celle de rendre le golf plus accessible et inclusif pour les jeunes Autochtones, a d\u00e9clar\u00e9 Fox. C\u2019est inspirant de voir que nos efforts ont d\u00e9j\u00e0 un impact durable dans les communaut\u00e9s \u00e0 travers la province.&nbsp;\u00bb<\/p>\n\n\n<div class=\"wp-block-image\">\n<figure class=\"aligncenter size-large\"><img loading=\"lazy\" decoding=\"async\" width=\"1024\" height=\"576\" src=\"https:\/\/firstteecanada.ca\/wp-content\/uploads\/sites\/191\/2026\/06\/20251204_000444513_iOS-edited-1024x576.jpg\" alt=\"\" class=\"wp-image-8395\" srcset=\"https:\/\/firstteecanada.ca\/wp-content\/uploads\/sites\/191\/2026\/06\/20251204_000444513_iOS-edited-1024x576.jpg 1024w, https:\/\/firstteecanada.ca\/wp-content\/uploads\/sites\/191\/2026\/06\/20251204_000444513_iOS-edited-300x169.jpg 300w, https:\/\/firstteecanada.ca\/wp-content\/uploads\/sites\/191\/2026\/06\/20251204_000444513_iOS-edited-768x432.jpg 768w, https:\/\/firstteecanada.ca\/wp-content\/uploads\/sites\/191\/2026\/06\/20251204_000444513_iOS-edited-1536x864.jpg 1536w, https:\/\/firstteecanada.ca\/wp-content\/uploads\/sites\/191\/2026\/06\/20251204_000444513_iOS-edited-2048x1152.jpg 2048w, https:\/\/firstteecanada.ca\/wp-content\/uploads\/sites\/191\/2026\/06\/20251204_000444513_iOS-edited-140x79.jpg 140w\" sizes=\"auto, (max-width: 1024px) 100vw, 1024px\" \/><figcaption class=\"wp-element-caption\"><em>Les Premi\u00e8res Nations de Cold Lake<\/em><\/figcaption><\/figure>\n<\/div>\n\n\n<p class=\"wp-block-paragraph\">Au Manitoba, First Tee \u2013 Prairies s\u2019est associ\u00e9 \u00e0 l\u2019\u00e9cole Isaac Beaulieu Memorial dans la Premi\u00e8re Nation Ojibway de Sandy Bay pour proposer des programmes au Players Course, un terrain de golf propri\u00e9t\u00e9 de la Premi\u00e8re Nation, situ\u00e9 \u00e0 Winnipeg. La section travaille en outre avec l\u2019entra\u00eeneur autochtone Darcy Zariwney qui m\u00e8ne les programmes First Tee pour les jeunes de Gladstone et des villes avoisinantes.<\/p>\n\n\n<div class=\"wp-block-image\">\n<figure class=\"aligncenter size-large\"><img loading=\"lazy\" decoding=\"async\" width=\"1024\" height=\"576\" src=\"https:\/\/firstteecanada.ca\/wp-content\/uploads\/sites\/191\/2026\/06\/Coach-Darcy-Gladstone-edited-1024x576.jpg\" alt=\"\" class=\"wp-image-8387\" srcset=\"https:\/\/firstteecanada.ca\/wp-content\/uploads\/sites\/191\/2026\/06\/Coach-Darcy-Gladstone-edited-1024x576.jpg 1024w, https:\/\/firstteecanada.ca\/wp-content\/uploads\/sites\/191\/2026\/06\/Coach-Darcy-Gladstone-edited-300x169.jpg 300w, https:\/\/firstteecanada.ca\/wp-content\/uploads\/sites\/191\/2026\/06\/Coach-Darcy-Gladstone-edited-768x432.jpg 768w, https:\/\/firstteecanada.ca\/wp-content\/uploads\/sites\/191\/2026\/06\/Coach-Darcy-Gladstone-edited-1536x864.jpg 1536w, https:\/\/firstteecanada.ca\/wp-content\/uploads\/sites\/191\/2026\/06\/Coach-Darcy-Gladstone-edited-2048x1152.jpg 2048w, https:\/\/firstteecanada.ca\/wp-content\/uploads\/sites\/191\/2026\/06\/Coach-Darcy-Gladstone-edited-140x79.jpg 140w\" sizes=\"auto, (max-width: 1024px) 100vw, 1024px\" \/><figcaption class=\"wp-element-caption\"><em>L\u2019entra\u00eeneur Darcy au Club de golf Gladstone<\/em><\/figcaption><\/figure>\n<\/div>\n\n\n<p class=\"wp-block-paragraph\">En Ontario, First Tee collabore \u00e9troitement avec Indigenous Sport and Wellness Ontario (ISWO) pour offrir des programmes dans des communaut\u00e9s comme la Premi\u00e8re Nation de Mattagami, la Premi\u00e8re Nation de Marten Falls, les Six Nations de la rivi\u00e8re Grand, le territoire Mohawk de Tyendinaga et Akwesasne. En 2026, First Tee \u2013 Ontario compte \u00e9largir sa port\u00e9e gr\u00e2ce \u00e0 un atelier offert au Championnat autochtone de Golf Ontario et \u00e0 un nouveau partenariat avec le Conseil de Mushkegowuk afin d\u2019apporter le programme dans plusieurs communaut\u00e9s \u00e9loign\u00e9es du Nord.<\/p>\n\n\n<div class=\"wp-block-image\">\n<figure class=\"aligncenter size-large\"><img loading=\"lazy\" decoding=\"async\" width=\"1024\" height=\"576\" src=\"https:\/\/firstteecanada.ca\/wp-content\/uploads\/sites\/191\/2026\/06\/Image-11-edited-1024x576.jpg\" alt=\"\" class=\"wp-image-8391\" srcset=\"https:\/\/firstteecanada.ca\/wp-content\/uploads\/sites\/191\/2026\/06\/Image-11-edited-1024x576.jpg 1024w, https:\/\/firstteecanada.ca\/wp-content\/uploads\/sites\/191\/2026\/06\/Image-11-edited-300x169.jpg 300w, https:\/\/firstteecanada.ca\/wp-content\/uploads\/sites\/191\/2026\/06\/Image-11-edited-768x432.jpg 768w, https:\/\/firstteecanada.ca\/wp-content\/uploads\/sites\/191\/2026\/06\/Image-11-edited-1536x864.jpg 1536w, https:\/\/firstteecanada.ca\/wp-content\/uploads\/sites\/191\/2026\/06\/Image-11-edited-2048x1152.jpg 2048w, https:\/\/firstteecanada.ca\/wp-content\/uploads\/sites\/191\/2026\/06\/Image-11-edited-140x79.jpg 140w\" sizes=\"auto, (max-width: 1024px) 100vw, 1024px\" \/><figcaption class=\"wp-element-caption\"><em>\u00c9cole<\/em> <em>Ahkwesahsne Mohawk School<\/em><\/figcaption><\/figure>\n<\/div>\n\n\n<p class=\"wp-block-paragraph\">Le partenariat de First Tee \u2013 Premier d\u00e9part Qu\u00e9bec avec la Fondation sportive Club 24 aide \u00e0 initier au golf les jeunes Autochtones de Kahnawake gr\u00e2ce \u00e0 des programmes de camps d\u2019\u00e9t\u00e9 offerts au Club de golf Mistic Pines. L\u2019organisme, sous direction autochtone, utilise le sport et l\u2019\u00e9ducation pour aider \u00e0 former les futurs leaders au sein de la communaut\u00e9 et tous les entra\u00eeneurs associ\u00e9s au programme sont autochtones.<\/p>\n\n\n<div class=\"wp-block-image\">\n<figure class=\"aligncenter size-large\"><img loading=\"lazy\" decoding=\"async\" width=\"1024\" height=\"576\" src=\"https:\/\/firstteecanada.ca\/wp-content\/uploads\/sites\/191\/2026\/06\/Club-24-Athletics-Foundation-edited-1024x576.jpeg\" alt=\"\" class=\"wp-image-8399\" srcset=\"https:\/\/firstteecanada.ca\/wp-content\/uploads\/sites\/191\/2026\/06\/Club-24-Athletics-Foundation-edited-1024x576.jpeg 1024w, https:\/\/firstteecanada.ca\/wp-content\/uploads\/sites\/191\/2026\/06\/Club-24-Athletics-Foundation-edited-300x169.jpeg 300w, https:\/\/firstteecanada.ca\/wp-content\/uploads\/sites\/191\/2026\/06\/Club-24-Athletics-Foundation-edited-768x432.jpeg 768w, https:\/\/firstteecanada.ca\/wp-content\/uploads\/sites\/191\/2026\/06\/Club-24-Athletics-Foundation-edited-1536x864.jpeg 1536w, https:\/\/firstteecanada.ca\/wp-content\/uploads\/sites\/191\/2026\/06\/Club-24-Athletics-Foundation-edited-2048x1152.jpeg 2048w, https:\/\/firstteecanada.ca\/wp-content\/uploads\/sites\/191\/2026\/06\/Club-24-Athletics-Foundation-edited-140x79.jpeg 140w\" sizes=\"auto, (max-width: 1024px) 100vw, 1024px\" \/><figcaption class=\"wp-element-caption\"><em>La Fondation sportive Club 24<\/em><\/figcaption><\/figure>\n<\/div>\n\n\n<p class=\"wp-block-paragraph\">Sur la c\u00f4te est du Canada, First Tee \u2013 Premier d\u00e9part Atlantique collabore avec les organisations et les \u00e9coles autochtones \u00e0 travers la Nouvelle-\u00c9cosse, le Nouveau-Brunswick et l\u2019\u00cele-du-Prince-\u00c9douard, notamment avec la Conf\u00e9d\u00e9ration des Mi\u2019kmaq continentaux, Aboriginal Sport &amp; Recreation New Brunswick et l\u2019\u00e9cole John J. Sark Memorial.<\/p>\n\n\n<div class=\"wp-block-image\">\n<figure class=\"aligncenter size-large\"><img loading=\"lazy\" decoding=\"async\" width=\"1024\" height=\"576\" src=\"https:\/\/firstteecanada.ca\/wp-content\/uploads\/sites\/191\/2026\/06\/503221913_1126819136150778_3207556369739134907_n-edited-1024x576.jpg\" alt=\"\" class=\"wp-image-8403\" srcset=\"https:\/\/firstteecanada.ca\/wp-content\/uploads\/sites\/191\/2026\/06\/503221913_1126819136150778_3207556369739134907_n-edited-1024x576.jpg 1024w, https:\/\/firstteecanada.ca\/wp-content\/uploads\/sites\/191\/2026\/06\/503221913_1126819136150778_3207556369739134907_n-edited-300x169.jpg 300w, https:\/\/firstteecanada.ca\/wp-content\/uploads\/sites\/191\/2026\/06\/503221913_1126819136150778_3207556369739134907_n-edited-768x432.jpg 768w, https:\/\/firstteecanada.ca\/wp-content\/uploads\/sites\/191\/2026\/06\/503221913_1126819136150778_3207556369739134907_n-edited-1536x864.jpg 1536w, https:\/\/firstteecanada.ca\/wp-content\/uploads\/sites\/191\/2026\/06\/503221913_1126819136150778_3207556369739134907_n-edited-140x79.jpg 140w, https:\/\/firstteecanada.ca\/wp-content\/uploads\/sites\/191\/2026\/06\/503221913_1126819136150778_3207556369739134907_n-edited.jpg 2048w\" sizes=\"auto, (max-width: 1024px) 100vw, 1024px\" \/><figcaption class=\"wp-element-caption\"><em>Aboriginal Sport &amp; Recreation New Brunswick<\/em><\/figcaption><\/figure>\n<\/div>\n\n\n<p class=\"wp-block-paragraph\">Partout au pays, ces partenariats cr\u00e9ent des exp\u00e9riences positives accessibles pour les jeunes Autochtones et leurs familles qui leur permettent de tisser des liens gr\u00e2ce au golf tout en acqu\u00e9rant de la confiance en soi, de la pers\u00e9v\u00e9rance et un sentiment d\u2019appartenance.<\/p>\n\n\n\n<p class=\"wp-block-paragraph\">\u00c0 mesure que les sections de First Tee \u2013 Premier d\u00e9part Canada continuent de se d\u00e9ployer et d\u2019\u00e9largir leur port\u00e9e, la Journ\u00e9e nationale des peuples autochtones offre une occasion de c\u00e9l\u00e9brer non seulement les cultures et communaut\u00e9s autochtones, mais aussi les relations qui aident \u00e0 fa\u00e7onner un avenir plus inclusif pour le sport \u00e0 travers le Canada.<\/p>\n\n\n\n<p class=\"wp-block-paragraph\">Pour soutenir la mission de First Tee \u2013 Premier d\u00e9part Canada et assurer plus d\u2019inclusion au golf, visitez le site <a href=\"https:\/\/firstteecanada.ca\/fr\/impliquez-vous\/\">firstteecanada.ca\/fr\/impliquez-vous\/<\/a>.<\/p>\n","protected":false},"excerpt":{"rendered":"<p>Alors que les communaut\u00e9s partout au Canada c\u00e9l\u00e8brent la Journ\u00e9e nationale des peuples autochtones le 21 juin, les sections de First Tee \u2013 Premier d\u00e9part Canada continuent de b\u00e2tir des relations significatives avec les Premi\u00e8res Nations pour initier les jeunes Autochtones au golf et aux comp\u00e9tences de vie associ\u00e9es au sport. Dans le cadre de [&hellip;]<\/p>\n","protected":false},"author":6073,"featured_media":8411,"comment_status":"closed","ping_status":"closed","sticky":true,"template":"","format":"standard","meta":{"_acf_changed":false,"footnotes":""},"categories":[56,40,55],"tags":[659,662,657,447,664,669,306,666,661,665,668,654,660,658,672,413,674,670,671,673,415,655,677,345,419,341,416,421,408,422,390,409,281,343,227,154,410,680,200,667,686,676,698,663,391,282,700,156,684,352,692,417,691,675,683,423,687,697,681,685,688,679,690,703,701,705,696,682,694,704,709,393,678,689,702,420,211,706,158,710,712,693,711,708,699,707,713,714,695,656],"class_list":["post-8408","post","type-post","status-publish","format-standard","has-post-thumbnail","hentry","category-articles-en-vedette","category-non-classifiee","category-nouvelles","tag-659","tag-7-generations-golf-association","tag-aboriginal-sport-recreation-new-brunswick","tag-adam-hunter","tag-ahkwesahsne-mohawk-school","tag-akwesasne","tag-alberta-2","tag-alexander-first-nation","tag-andrew-fox","tag-atlantic","tag-atlantic-canada","tag-autochtones","tag-bc-golf-indigenous-championship","tag-british-columbia","tag-club-24-athletics-foundation","tag-coaches","tag-community","tag-community-connections","tag-confederacy-of-mainland-mikmaq","tag-darcy-zariwney","tag-diversity","tag-ecole-au","tag-environments","tag-equite","tag-equity","tag-first-tee","tag-first-tee-alberta","tag-first-tee-atlantic","tag-first-tee-british-columbia","tag-first-tee-canada","tag-first-tee-ontario","tag-first-tee-prairies","tag-first-tee-premier-depart-3","tag-first-tee-premier-depart-atlantique","tag-first-tee-premier-depart-canada","tag-first-tee-premier-depart-quebec","tag-first-tee-quebec","tag-first-tee-atlantic-2","tag-first-tee-canada-2","tag-first-tee-coaches","tag-first-tee-quebec-2","tag-first-tee-school-program","tag-gladstone-golf-country-club","tag-golf","tag-golf-canada-2","tag-golf-facilities","tag-golf-junior-communautaire-rbc","tag-golf-ontario-indigenous-championship","tag-inclusion","tag-inclusive","tag-inclusivity","tag-indigenous","tag-indigenous-peoples","tag-indigenous-sport-and-wellness-ontario","tag-indigenous-youth","tag-isaac-beaulieu-memorial-school","tag-iswo","tag-john-j-sark-memorial-school","tag-june-21","tag-kahnawake","tag-kamloops-first-nation","tag-manitoba","tag-marten-falls-first-nation","tag-mattagami-first-nation","tag-mushkegowuk-council","tag-musqueam-nation","tag-national-indigenous-peoples-day","tag-new-bruinswick","tag-newfoundland-and-labrador","tag-nova-scotia","tag-ontario","tag-organizations","tag-partnerships","tag-pei","tag-program","tag-programmes-de-golf-inclusifs","tag-quebec","tag-rbc-community-junior-golf-2","tag-redwood-meadows-golf-course","tag-sandy-bay-ojibway-first-nation","tag-saskatchewan","tag-six-nations-of-the-grand-river","tag-squamish-nation","tag-the-indigenous-sport-council-of-alberta","tag-the-players-course","tag-tsleil-waututh-nation","tag-tsuutina-nation","tag-tyendinaga-mohawk-territory","tag-welew-tribal-school"],"acf":[],"yoast_head":"<!-- This site is optimized with the Yoast SEO plugin v28.2 - https:\/\/yoast.com\/product\/yoast-seo-wordpress\/ -->\n<title>Journ\u00e9e nationale des peuples autochtones\u00a0: First Tee \u2013 Premier d\u00e9part Canada b\u00e2tit de solides liens avec les communaut\u00e9s pour aider les jeunes Autochtones \u00e0 d\u00e9couvrir le golf - First Tee \u2013 Canada<\/title>\n<meta name=\"robots\" content=\"index, follow, max-snippet:-1, max-image-preview:large, max-video-preview:-1\" \/>\n<link rel=\"canonical\" href=\"https:\/\/firstteecanada.ca\/fr\/journee-nationale-des-peuples-autochtones-first-tee-premier-depart-canada-batit-de-solides-liens-avec-les-communautes-pour-aider-les-jeunes-autochtones-a-decouvrir-le-golf\/\" \/>\n<meta property=\"og:locale\" content=\"fr_FR\" \/>\n<meta property=\"og:type\" content=\"article\" \/>\n<meta property=\"og:title\" content=\"Journ\u00e9e nationale des peuples autochtones\u00a0: First Tee \u2013 Premier d\u00e9part Canada b\u00e2tit de solides liens avec les communaut\u00e9s pour aider les jeunes Autochtones \u00e0 d\u00e9couvrir le golf - First Tee \u2013 Canada\" \/>\n<meta property=\"og:description\" content=\"Alors que les communaut\u00e9s partout au Canada c\u00e9l\u00e8brent la Journ\u00e9e nationale des peuples autochtones le 21 juin, les sections de First Tee \u2013 Premier d\u00e9part Canada continuent de b\u00e2tir des relations significatives avec les Premi\u00e8res Nations pour initier les jeunes Autochtones au golf et aux comp\u00e9tences de vie associ\u00e9es au sport. Dans le cadre de [&hellip;]\" \/>\n<meta property=\"og:url\" content=\"https:\/\/firstteecanada.ca\/fr\/journee-nationale-des-peuples-autochtones-first-tee-premier-depart-canada-batit-de-solides-liens-avec-les-communautes-pour-aider-les-jeunes-autochtones-a-decouvrir-le-golf\/\" \/>\n<meta property=\"og:site_name\" content=\"First Tee \u2013 Canada\" \/>\n<meta property=\"article:publisher\" content=\"https:\/\/www.facebook.com\/GolfCanada\/\" \/>\n<meta property=\"article:published_time\" content=\"2026-06-18T19:06:07+00:00\" \/>\n<meta property=\"article:modified_time\" content=\"2026-06-22T15:31:49+00:00\" \/>\n<meta property=\"og:image\" content=\"https:\/\/firstteecanada.ca\/wp-content\/uploads\/sites\/191\/2026\/06\/IPD_1024x768_FR.jpg\" \/>\n\t<meta property=\"og:image:width\" content=\"1024\" \/>\n\t<meta property=\"og:image:height\" content=\"768\" \/>\n\t<meta property=\"og:image:type\" content=\"image\/jpeg\" \/>\n<meta name=\"author\" content=\"khasmatali\" \/>\n<meta name=\"twitter:card\" content=\"summary_large_image\" \/>\n<meta name=\"twitter:creator\" content=\"@GolfCanada\" \/>\n<meta name=\"twitter:site\" content=\"@GolfCanada\" \/>\n<meta name=\"twitter:label1\" content=\"\u00c9crit par\" \/>\n\t<meta name=\"twitter:data1\" content=\"khasmatali\" \/>\n\t<meta name=\"twitter:label2\" content=\"Dur\u00e9e de lecture estim\u00e9e\" \/>\n\t<meta name=\"twitter:data2\" content=\"6 minutes\" \/>\n<script type=\"application\/ld+json\" class=\"yoast-schema-graph\">{\"@context\":\"https:\\\/\\\/schema.org\",\"@graph\":[{\"@type\":\"Article\",\"@id\":\"https:\\\/\\\/firstteecanada.ca\\\/fr\\\/journee-nationale-des-peuples-autochtones-first-tee-premier-depart-canada-batit-de-solides-liens-avec-les-communautes-pour-aider-les-jeunes-autochtones-a-decouvrir-le-golf\\\/#article\",\"isPartOf\":{\"@id\":\"https:\\\/\\\/firstteecanada.ca\\\/fr\\\/journee-nationale-des-peuples-autochtones-first-tee-premier-depart-canada-batit-de-solides-liens-avec-les-communautes-pour-aider-les-jeunes-autochtones-a-decouvrir-le-golf\\\/\"},\"author\":{\"name\":\"khasmatali\",\"@id\":\"https:\\\/\\\/firstteecanada.ca\\\/fr\\\/#\\\/schema\\\/person\\\/cb328531d8f1fb5ee7249925c8fecc6a\"},\"headline\":\"Journ\u00e9e nationale des peuples autochtones\u00a0: First Tee \u2013 Premier d\u00e9part Canada b\u00e2tit de solides liens avec les communaut\u00e9s pour aider les jeunes Autochtones \u00e0 d\u00e9couvrir le golf\",\"datePublished\":\"2026-06-18T19:06:07+00:00\",\"dateModified\":\"2026-06-22T15:31:49+00:00\",\"mainEntityOfPage\":{\"@id\":\"https:\\\/\\\/firstteecanada.ca\\\/fr\\\/journee-nationale-des-peuples-autochtones-first-tee-premier-depart-canada-batit-de-solides-liens-avec-les-communautes-pour-aider-les-jeunes-autochtones-a-decouvrir-le-golf\\\/\"},\"wordCount\":1009,\"publisher\":{\"@id\":\"https:\\\/\\\/firstteecanada.ca\\\/fr\\\/#organization\"},\"image\":{\"@id\":\"https:\\\/\\\/firstteecanada.ca\\\/fr\\\/journee-nationale-des-peuples-autochtones-first-tee-premier-depart-canada-batit-de-solides-liens-avec-les-communautes-pour-aider-les-jeunes-autochtones-a-decouvrir-le-golf\\\/#primaryimage\"},\"thumbnailUrl\":\"https:\\\/\\\/firstteecanada.ca\\\/wp-content\\\/uploads\\\/sites\\\/191\\\/2026\\\/06\\\/IPD_1024x768_FR.jpg\",\"keywords\":[\"2021\",\"7 Generations Golf Association\",\"Aboriginal Sport &amp; Recreation New Brunswick\",\"Adam Hunter\",\"Ahkwesahsne Mohawk School\",\"Akwesasne\",\"Alberta\",\"Alexander First Nation\",\"Andrew Fox\",\"atlantic\",\"Atlantic Canada\",\"Autochtones\",\"BC Golf Indigenous Championship\",\"British Columbia\",\"Club 24 Athletics Foundation\",\"Coaches\",\"Community\",\"Community Connections\",\"Confederacy of Mainland Mi\u2019kmaq\",\"Darcy Zariwney\",\"Diversity\",\"\u00c9cole \u023d\u00c1U\",\"Environments\",\"\u00e9quit\u00e9\",\"Equity\",\"First Tee\",\"First Tee \u2013 Alberta\",\"First Tee \u2013 Atlantic\",\"First Tee \u2013 British Columbia\",\"First Tee \u2013 Canada\",\"First Tee \u2013 Ontario\",\"First Tee \u2013 Prairies\",\"First Tee \u2013 Premier d\u00e9part\",\"First Tee \u2013 Premier d\u00e9part Atlantique\",\"First Tee \u2013 Premier d\u00e9part Canada\",\"First Tee \u2013 Premier d\u00e9part Qu\u00e9bec\",\"First Tee \u2013 Quebec\",\"First Tee Atlantic\",\"First Tee British Columbia\",\"First Tee Canada\",\"First Tee coaches\",\"First Tee Quebec\",\"First Tee School Program\",\"Gladstone Golf &amp; Country Club\",\"Golf\",\"Golf Canada\",\"golf facilities\",\"Golf junior communautaire RBC\",\"Golf Ontario Indigenous Championship\",\"inclusion\",\"Inclusive\",\"Inclusivity\",\"Indigenous\",\"Indigenous Peoples\",\"Indigenous Sport and Wellness Ontario\",\"Indigenous youth\",\"Isaac Beaulieu Memorial School\",\"ISWO\",\"John J. Sark Memorial School\",\"June 21\",\"Kahnawake\",\"Kamloops First Nation\",\"Manitoba\",\"Marten Falls First Nation\",\"Mattagami First Nation\",\"Mushkegowuk Council\",\"Musqueam Nation\",\"National Indigenous Peoples Day\",\"New Bruinswick\",\"Newfoundland and Labrador\",\"Nova Scotia\",\"Ontario\",\"organizations\",\"Partnerships\",\"PEI\",\"Program\",\"Programmes de golf inclusifs\",\"Quebec\",\"rbc community junior golf\",\"Redwood Meadows Golf Course\",\"Sandy Bay Ojibway First Nation\",\"Saskatchewan\",\"Six Nations of the Grand River\",\"Squamish Nation\",\"the Indigenous Sport Council of Alberta\",\"The Players Course\",\"Tsleil-Waututh Nation\",\"Tsuut\u2019ina Nation\",\"Tyendinaga Mohawk Territory\",\"WEL\u1e48EW\u0331 Tribal School\"],\"articleSection\":[\"Articles en vedette\",\"Non classifi\u00e9(e)\",\"Nouvelles\"],\"inLanguage\":\"fr-FR\"},{\"@type\":\"WebPage\",\"@id\":\"https:\\\/\\\/firstteecanada.ca\\\/fr\\\/journee-nationale-des-peuples-autochtones-first-tee-premier-depart-canada-batit-de-solides-liens-avec-les-communautes-pour-aider-les-jeunes-autochtones-a-decouvrir-le-golf\\\/\",\"url\":\"https:\\\/\\\/firstteecanada.ca\\\/fr\\\/journee-nationale-des-peuples-autochtones-first-tee-premier-depart-canada-batit-de-solides-liens-avec-les-communautes-pour-aider-les-jeunes-autochtones-a-decouvrir-le-golf\\\/\",\"name\":\"Journ\u00e9e nationale des peuples autochtones\u00a0: First Tee \u2013 Premier d\u00e9part Canada b\u00e2tit de solides liens avec les communaut\u00e9s pour aider les jeunes Autochtones \u00e0 d\u00e9couvrir le golf - First Tee \u2013 Canada\",\"isPartOf\":{\"@id\":\"https:\\\/\\\/firstteecanada.ca\\\/fr\\\/#website\"},\"primaryImageOfPage\":{\"@id\":\"https:\\\/\\\/firstteecanada.ca\\\/fr\\\/journee-nationale-des-peuples-autochtones-first-tee-premier-depart-canada-batit-de-solides-liens-avec-les-communautes-pour-aider-les-jeunes-autochtones-a-decouvrir-le-golf\\\/#primaryimage\"},\"image\":{\"@id\":\"https:\\\/\\\/firstteecanada.ca\\\/fr\\\/journee-nationale-des-peuples-autochtones-first-tee-premier-depart-canada-batit-de-solides-liens-avec-les-communautes-pour-aider-les-jeunes-autochtones-a-decouvrir-le-golf\\\/#primaryimage\"},\"thumbnailUrl\":\"https:\\\/\\\/firstteecanada.ca\\\/wp-content\\\/uploads\\\/sites\\\/191\\\/2026\\\/06\\\/IPD_1024x768_FR.jpg\",\"datePublished\":\"2026-06-18T19:06:07+00:00\",\"dateModified\":\"2026-06-22T15:31:49+00:00\",\"breadcrumb\":{\"@id\":\"https:\\\/\\\/firstteecanada.ca\\\/fr\\\/journee-nationale-des-peuples-autochtones-first-tee-premier-depart-canada-batit-de-solides-liens-avec-les-communautes-pour-aider-les-jeunes-autochtones-a-decouvrir-le-golf\\\/#breadcrumb\"},\"inLanguage\":\"fr-FR\",\"potentialAction\":[{\"@type\":\"ReadAction\",\"target\":[\"https:\\\/\\\/firstteecanada.ca\\\/fr\\\/journee-nationale-des-peuples-autochtones-first-tee-premier-depart-canada-batit-de-solides-liens-avec-les-communautes-pour-aider-les-jeunes-autochtones-a-decouvrir-le-golf\\\/\"]}]},{\"@type\":\"ImageObject\",\"inLanguage\":\"fr-FR\",\"@id\":\"https:\\\/\\\/firstteecanada.ca\\\/fr\\\/journee-nationale-des-peuples-autochtones-first-tee-premier-depart-canada-batit-de-solides-liens-avec-les-communautes-pour-aider-les-jeunes-autochtones-a-decouvrir-le-golf\\\/#primaryimage\",\"url\":\"https:\\\/\\\/firstteecanada.ca\\\/wp-content\\\/uploads\\\/sites\\\/191\\\/2026\\\/06\\\/IPD_1024x768_FR.jpg\",\"contentUrl\":\"https:\\\/\\\/firstteecanada.ca\\\/wp-content\\\/uploads\\\/sites\\\/191\\\/2026\\\/06\\\/IPD_1024x768_FR.jpg\",\"width\":1024,\"height\":768},{\"@type\":\"BreadcrumbList\",\"@id\":\"https:\\\/\\\/firstteecanada.ca\\\/fr\\\/journee-nationale-des-peuples-autochtones-first-tee-premier-depart-canada-batit-de-solides-liens-avec-les-communautes-pour-aider-les-jeunes-autochtones-a-decouvrir-le-golf\\\/#breadcrumb\",\"itemListElement\":[{\"@type\":\"ListItem\",\"position\":1,\"name\":\"Home\",\"item\":\"https:\\\/\\\/firstteecanada.ca\\\/fr\\\/\"},{\"@type\":\"ListItem\",\"position\":2,\"name\":\"Journ\u00e9e nationale des peuples autochtones\u00a0: First Tee \u2013 Premier d\u00e9part Canada b\u00e2tit de solides liens avec les communaut\u00e9s pour aider les jeunes Autochtones \u00e0 d\u00e9couvrir le golf\"}]},{\"@type\":\"WebSite\",\"@id\":\"https:\\\/\\\/firstteecanada.ca\\\/fr\\\/#website\",\"url\":\"https:\\\/\\\/firstteecanada.ca\\\/fr\\\/\",\"name\":\"First Tee \u2013 Canada\",\"description\":\"D\u00e9velopper les acteurs du changement\",\"publisher\":{\"@id\":\"https:\\\/\\\/firstteecanada.ca\\\/fr\\\/#organization\"},\"potentialAction\":[{\"@type\":\"SearchAction\",\"target\":{\"@type\":\"EntryPoint\",\"urlTemplate\":\"https:\\\/\\\/firstteecanada.ca\\\/fr\\\/?s={search_term_string}\"},\"query-input\":{\"@type\":\"PropertyValueSpecification\",\"valueRequired\":true,\"valueName\":\"search_term_string\"}}],\"inLanguage\":\"fr-FR\"},{\"@type\":\"Organization\",\"@id\":\"https:\\\/\\\/firstteecanada.ca\\\/fr\\\/#organization\",\"name\":\"First Tee \u2013 Canada\",\"url\":\"https:\\\/\\\/firstteecanada.ca\\\/fr\\\/\",\"logo\":{\"@type\":\"ImageObject\",\"inLanguage\":\"fr-FR\",\"@id\":\"https:\\\/\\\/firstteecanada.ca\\\/fr\\\/#\\\/schema\\\/logo\\\/image\\\/\",\"url\":\"https:\\\/\\\/firstteecanada.ca\\\/wp-content\\\/uploads\\\/sites\\\/191\\\/2025\\\/01\\\/RGB_Premier-Depart_Canada_Green-2.png\",\"contentUrl\":\"https:\\\/\\\/firstteecanada.ca\\\/wp-content\\\/uploads\\\/sites\\\/191\\\/2025\\\/01\\\/RGB_Premier-Depart_Canada_Green-2.png\",\"width\":4460,\"height\":2084,\"caption\":\"First Tee \u2013 Canada\"},\"image\":{\"@id\":\"https:\\\/\\\/firstteecanada.ca\\\/fr\\\/#\\\/schema\\\/logo\\\/image\\\/\"},\"sameAs\":[\"https:\\\/\\\/www.facebook.com\\\/GolfCanada\\\/\",\"https:\\\/\\\/x.com\\\/GolfCanada\",\"https:\\\/\\\/www.instagram.com\\\/thegolfcanada\\\/?hl=en\"]},{\"@type\":\"Person\",\"@id\":\"https:\\\/\\\/firstteecanada.ca\\\/fr\\\/#\\\/schema\\\/person\\\/cb328531d8f1fb5ee7249925c8fecc6a\",\"name\":\"khasmatali\",\"image\":{\"@type\":\"ImageObject\",\"inLanguage\":\"fr-FR\",\"@id\":\"https:\\\/\\\/secure.gravatar.com\\\/avatar\\\/fb7df890f9744018e0a6e96cf4c9df1e129a794ed4b149cf91ca9a1b603aafe6?s=96&d=mm&r=g\",\"url\":\"https:\\\/\\\/secure.gravatar.com\\\/avatar\\\/fb7df890f9744018e0a6e96cf4c9df1e129a794ed4b149cf91ca9a1b603aafe6?s=96&d=mm&r=g\",\"contentUrl\":\"https:\\\/\\\/secure.gravatar.com\\\/avatar\\\/fb7df890f9744018e0a6e96cf4c9df1e129a794ed4b149cf91ca9a1b603aafe6?s=96&d=mm&r=g\",\"caption\":\"khasmatali\"},\"url\":\"https:\\\/\\\/firstteecanada.ca\\\/fr\\\/author\\\/khasmatali\\\/\"}]}<\/script>\n<!-- \/ Yoast SEO plugin. -->","yoast_head_json":{"title":"Journ\u00e9e nationale des peuples autochtones\u00a0: First Tee \u2013 Premier d\u00e9part Canada b\u00e2tit de solides liens avec les communaut\u00e9s pour aider les jeunes Autochtones \u00e0 d\u00e9couvrir le golf - First Tee \u2013 Canada","robots":{"index":"index","follow":"follow","max-snippet":"max-snippet:-1","max-image-preview":"max-image-preview:large","max-video-preview":"max-video-preview:-1"},"canonical":"https:\/\/firstteecanada.ca\/fr\/journee-nationale-des-peuples-autochtones-first-tee-premier-depart-canada-batit-de-solides-liens-avec-les-communautes-pour-aider-les-jeunes-autochtones-a-decouvrir-le-golf\/","og_locale":"fr_FR","og_type":"article","og_title":"Journ\u00e9e nationale des peuples autochtones\u00a0: First Tee \u2013 Premier d\u00e9part Canada b\u00e2tit de solides liens avec les communaut\u00e9s pour aider les jeunes Autochtones \u00e0 d\u00e9couvrir le golf - First Tee \u2013 Canada","og_description":"Alors que les communaut\u00e9s partout au Canada c\u00e9l\u00e8brent la Journ\u00e9e nationale des peuples autochtones le 21 juin, les sections de First Tee \u2013 Premier d\u00e9part Canada continuent de b\u00e2tir des relations significatives avec les Premi\u00e8res Nations pour initier les jeunes Autochtones au golf et aux comp\u00e9tences de vie associ\u00e9es au sport. Dans le cadre de [&hellip;]","og_url":"https:\/\/firstteecanada.ca\/fr\/journee-nationale-des-peuples-autochtones-first-tee-premier-depart-canada-batit-de-solides-liens-avec-les-communautes-pour-aider-les-jeunes-autochtones-a-decouvrir-le-golf\/","og_site_name":"First Tee \u2013 Canada","article_publisher":"https:\/\/www.facebook.com\/GolfCanada\/","article_published_time":"2026-06-18T19:06:07+00:00","article_modified_time":"2026-06-22T15:31:49+00:00","og_image":[{"width":1024,"height":768,"url":"https:\/\/firstteecanada.ca\/wp-content\/uploads\/sites\/191\/2026\/06\/IPD_1024x768_FR.jpg","type":"image\/jpeg"}],"author":"khasmatali","twitter_card":"summary_large_image","twitter_creator":"@GolfCanada","twitter_site":"@GolfCanada","twitter_misc":{"\u00c9crit par":"khasmatali","Dur\u00e9e de lecture estim\u00e9e":"6 minutes"},"schema":{"@context":"https:\/\/schema.org","@graph":[{"@type":"Article","@id":"https:\/\/firstteecanada.ca\/fr\/journee-nationale-des-peuples-autochtones-first-tee-premier-depart-canada-batit-de-solides-liens-avec-les-communautes-pour-aider-les-jeunes-autochtones-a-decouvrir-le-golf\/#article","isPartOf":{"@id":"https:\/\/firstteecanada.ca\/fr\/journee-nationale-des-peuples-autochtones-first-tee-premier-depart-canada-batit-de-solides-liens-avec-les-communautes-pour-aider-les-jeunes-autochtones-a-decouvrir-le-golf\/"},"author":{"name":"khasmatali","@id":"https:\/\/firstteecanada.ca\/fr\/#\/schema\/person\/cb328531d8f1fb5ee7249925c8fecc6a"},"headline":"Journ\u00e9e nationale des peuples autochtones\u00a0: First Tee \u2013 Premier d\u00e9part Canada b\u00e2tit de solides liens avec les communaut\u00e9s pour aider les jeunes Autochtones \u00e0 d\u00e9couvrir le golf","datePublished":"2026-06-18T19:06:07+00:00","dateModified":"2026-06-22T15:31:49+00:00","mainEntityOfPage":{"@id":"https:\/\/firstteecanada.ca\/fr\/journee-nationale-des-peuples-autochtones-first-tee-premier-depart-canada-batit-de-solides-liens-avec-les-communautes-pour-aider-les-jeunes-autochtones-a-decouvrir-le-golf\/"},"wordCount":1009,"publisher":{"@id":"https:\/\/firstteecanada.ca\/fr\/#organization"},"image":{"@id":"https:\/\/firstteecanada.ca\/fr\/journee-nationale-des-peuples-autochtones-first-tee-premier-depart-canada-batit-de-solides-liens-avec-les-communautes-pour-aider-les-jeunes-autochtones-a-decouvrir-le-golf\/#primaryimage"},"thumbnailUrl":"https:\/\/firstteecanada.ca\/wp-content\/uploads\/sites\/191\/2026\/06\/IPD_1024x768_FR.jpg","keywords":["2021","7 Generations Golf Association","Aboriginal Sport &amp; Recreation New Brunswick","Adam Hunter","Ahkwesahsne Mohawk School","Akwesasne","Alberta","Alexander First Nation","Andrew Fox","atlantic","Atlantic Canada","Autochtones","BC Golf Indigenous Championship","British Columbia","Club 24 Athletics Foundation","Coaches","Community","Community Connections","Confederacy of Mainland Mi\u2019kmaq","Darcy Zariwney","Diversity","\u00c9cole \u023d\u00c1U","Environments","\u00e9quit\u00e9","Equity","First Tee","First Tee \u2013 Alberta","First Tee \u2013 Atlantic","First Tee \u2013 British Columbia","First Tee \u2013 Canada","First Tee \u2013 Ontario","First Tee \u2013 Prairies","First Tee \u2013 Premier d\u00e9part","First Tee \u2013 Premier d\u00e9part Atlantique","First Tee \u2013 Premier d\u00e9part Canada","First Tee \u2013 Premier d\u00e9part Qu\u00e9bec","First Tee \u2013 Quebec","First Tee Atlantic","First Tee British Columbia","First Tee Canada","First Tee coaches","First Tee Quebec","First Tee School Program","Gladstone Golf &amp; Country Club","Golf","Golf Canada","golf facilities","Golf junior communautaire RBC","Golf Ontario Indigenous Championship","inclusion","Inclusive","Inclusivity","Indigenous","Indigenous Peoples","Indigenous Sport and Wellness Ontario","Indigenous youth","Isaac Beaulieu Memorial School","ISWO","John J. Sark Memorial School","June 21","Kahnawake","Kamloops First Nation","Manitoba","Marten Falls First Nation","Mattagami First Nation","Mushkegowuk Council","Musqueam Nation","National Indigenous Peoples Day","New Bruinswick","Newfoundland and Labrador","Nova Scotia","Ontario","organizations","Partnerships","PEI","Program","Programmes de golf inclusifs","Quebec","rbc community junior golf","Redwood Meadows Golf Course","Sandy Bay Ojibway First Nation","Saskatchewan","Six Nations of the Grand River","Squamish Nation","the Indigenous Sport Council of Alberta","The Players Course","Tsleil-Waututh Nation","Tsuut\u2019ina Nation","Tyendinaga Mohawk Territory","WEL\u1e48EW\u0331 Tribal School"],"articleSection":["Articles en vedette","Non classifi\u00e9(e)","Nouvelles"],"inLanguage":"fr-FR"},{"@type":"WebPage","@id":"https:\/\/firstteecanada.ca\/fr\/journee-nationale-des-peuples-autochtones-first-tee-premier-depart-canada-batit-de-solides-liens-avec-les-communautes-pour-aider-les-jeunes-autochtones-a-decouvrir-le-golf\/","url":"https:\/\/firstteecanada.ca\/fr\/journee-nationale-des-peuples-autochtones-first-tee-premier-depart-canada-batit-de-solides-liens-avec-les-communautes-pour-aider-les-jeunes-autochtones-a-decouvrir-le-golf\/","name":"Journ\u00e9e nationale des peuples autochtones\u00a0: First Tee \u2013 Premier d\u00e9part Canada b\u00e2tit de solides liens avec les communaut\u00e9s pour aider les jeunes Autochtones \u00e0 d\u00e9couvrir le golf - First Tee \u2013 Canada","isPartOf":{"@id":"https:\/\/firstteecanada.ca\/fr\/#website"},"primaryImageOfPage":{"@id":"https:\/\/firstteecanada.ca\/fr\/journee-nationale-des-peuples-autochtones-first-tee-premier-depart-canada-batit-de-solides-liens-avec-les-communautes-pour-aider-les-jeunes-autochtones-a-decouvrir-le-golf\/#primaryimage"},"image":{"@id":"https:\/\/firstteecanada.ca\/fr\/journee-nationale-des-peuples-autochtones-first-tee-premier-depart-canada-batit-de-solides-liens-avec-les-communautes-pour-aider-les-jeunes-autochtones-a-decouvrir-le-golf\/#primaryimage"},"thumbnailUrl":"https:\/\/firstteecanada.ca\/wp-content\/uploads\/sites\/191\/2026\/06\/IPD_1024x768_FR.jpg","datePublished":"2026-06-18T19:06:07+00:00","dateModified":"2026-06-22T15:31:49+00:00","breadcrumb":{"@id":"https:\/\/firstteecanada.ca\/fr\/journee-nationale-des-peuples-autochtones-first-tee-premier-depart-canada-batit-de-solides-liens-avec-les-communautes-pour-aider-les-jeunes-autochtones-a-decouvrir-le-golf\/#breadcrumb"},"inLanguage":"fr-FR","potentialAction":[{"@type":"ReadAction","target":["https:\/\/firstteecanada.ca\/fr\/journee-nationale-des-peuples-autochtones-first-tee-premier-depart-canada-batit-de-solides-liens-avec-les-communautes-pour-aider-les-jeunes-autochtones-a-decouvrir-le-golf\/"]}]},{"@type":"ImageObject","inLanguage":"fr-FR","@id":"https:\/\/firstteecanada.ca\/fr\/journee-nationale-des-peuples-autochtones-first-tee-premier-depart-canada-batit-de-solides-liens-avec-les-communautes-pour-aider-les-jeunes-autochtones-a-decouvrir-le-golf\/#primaryimage","url":"https:\/\/firstteecanada.ca\/wp-content\/uploads\/sites\/191\/2026\/06\/IPD_1024x768_FR.jpg","contentUrl":"https:\/\/firstteecanada.ca\/wp-content\/uploads\/sites\/191\/2026\/06\/IPD_1024x768_FR.jpg","width":1024,"height":768},{"@type":"BreadcrumbList","@id":"https:\/\/firstteecanada.ca\/fr\/journee-nationale-des-peuples-autochtones-first-tee-premier-depart-canada-batit-de-solides-liens-avec-les-communautes-pour-aider-les-jeunes-autochtones-a-decouvrir-le-golf\/#breadcrumb","itemListElement":[{"@type":"ListItem","position":1,"name":"Home","item":"https:\/\/firstteecanada.ca\/fr\/"},{"@type":"ListItem","position":2,"name":"Journ\u00e9e nationale des peuples autochtones\u00a0: First Tee \u2013 Premier d\u00e9part Canada b\u00e2tit de solides liens avec les communaut\u00e9s pour aider les jeunes Autochtones \u00e0 d\u00e9couvrir le golf"}]},{"@type":"WebSite","@id":"https:\/\/firstteecanada.ca\/fr\/#website","url":"https:\/\/firstteecanada.ca\/fr\/","name":"First Tee \u2013 Canada","description":"D\u00e9velopper les acteurs du changement","publisher":{"@id":"https:\/\/firstteecanada.ca\/fr\/#organization"},"potentialAction":[{"@type":"SearchAction","target":{"@type":"EntryPoint","urlTemplate":"https:\/\/firstteecanada.ca\/fr\/?s={search_term_string}"},"query-input":{"@type":"PropertyValueSpecification","valueRequired":true,"valueName":"search_term_string"}}],"inLanguage":"fr-FR"},{"@type":"Organization","@id":"https:\/\/firstteecanada.ca\/fr\/#organization","name":"First Tee \u2013 Canada","url":"https:\/\/firstteecanada.ca\/fr\/","logo":{"@type":"ImageObject","inLanguage":"fr-FR","@id":"https:\/\/firstteecanada.ca\/fr\/#\/schema\/logo\/image\/","url":"https:\/\/firstteecanada.ca\/wp-content\/uploads\/sites\/191\/2025\/01\/RGB_Premier-Depart_Canada_Green-2.png","contentUrl":"https:\/\/firstteecanada.ca\/wp-content\/uploads\/sites\/191\/2025\/01\/RGB_Premier-Depart_Canada_Green-2.png","width":4460,"height":2084,"caption":"First Tee \u2013 Canada"},"image":{"@id":"https:\/\/firstteecanada.ca\/fr\/#\/schema\/logo\/image\/"},"sameAs":["https:\/\/www.facebook.com\/GolfCanada\/","https:\/\/x.com\/GolfCanada","https:\/\/www.instagram.com\/thegolfcanada\/?hl=en"]},{"@type":"Person","@id":"https:\/\/firstteecanada.ca\/fr\/#\/schema\/person\/cb328531d8f1fb5ee7249925c8fecc6a","name":"khasmatali","image":{"@type":"ImageObject","inLanguage":"fr-FR","@id":"https:\/\/secure.gravatar.com\/avatar\/fb7df890f9744018e0a6e96cf4c9df1e129a794ed4b149cf91ca9a1b603aafe6?s=96&d=mm&r=g","url":"https:\/\/secure.gravatar.com\/avatar\/fb7df890f9744018e0a6e96cf4c9df1e129a794ed4b149cf91ca9a1b603aafe6?s=96&d=mm&r=g","contentUrl":"https:\/\/secure.gravatar.com\/avatar\/fb7df890f9744018e0a6e96cf4c9df1e129a794ed4b149cf91ca9a1b603aafe6?s=96&d=mm&r=g","caption":"khasmatali"},"url":"https:\/\/firstteecanada.ca\/fr\/author\/khasmatali\/"}]}},"_links":{"self":[{"href":"https:\/\/firstteecanada.ca\/fr\/wp-json\/wp\/v2\/posts\/8408","targetHints":{"allow":["GET"]}}],"collection":[{"href":"https:\/\/firstteecanada.ca\/fr\/wp-json\/wp\/v2\/posts"}],"about":[{"href":"https:\/\/firstteecanada.ca\/fr\/wp-json\/wp\/v2\/types\/post"}],"author":[{"embeddable":true,"href":"https:\/\/firstteecanada.ca\/fr\/wp-json\/wp\/v2\/users\/6073"}],"replies":[{"embeddable":true,"href":"https:\/\/firstteecanada.ca\/fr\/wp-json\/wp\/v2\/comments?post=8408"}],"version-history":[{"count":0,"href":"https:\/\/firstteecanada.ca\/fr\/wp-json\/wp\/v2\/posts\/8408\/revisions"}],"wp:featuredmedia":[{"embeddable":true,"href":"https:\/\/firstteecanada.ca\/fr\/wp-json\/wp\/v2\/media\/8411"}],"wp:attachment":[{"href":"https:\/\/firstteecanada.ca\/fr\/wp-json\/wp\/v2\/media?parent=8408"}],"wp:term":[{"taxonomy":"category","embeddable":true,"href":"https:\/\/firstteecanada.ca\/fr\/wp-json\/wp\/v2\/categories?post=8408"},{"taxonomy":"post_tag","embeddable":true,"href":"https:\/\/firstteecanada.ca\/fr\/wp-json\/wp\/v2\/tags?post=8408"}],"curies":[{"name":"wp","href":"https:\/\/api.w.org\/{rel}","templated":true}]}},{"id":8368,"date":"2026-06-16T09:19:08","date_gmt":"2026-06-16T14:19:08","guid":{"rendered":"https:\/\/firstteecanada.ca\/?p=8368"},"modified":"2026-06-16T09:19:12","modified_gmt":"2026-06-16T14:19:12","slug":"des-participants-de-first-tee-premier-depart-representent-equipe-canada-a-levenement-ernie-els-gameon-autism-international-4ball-tournament-2026","status":"publish","type":"post","link":"https:\/\/firstteecanada.ca\/fr\/des-participants-de-first-tee-premier-depart-representent-equipe-canada-a-levenement-ernie-els-gameon-autism-international-4ball-tournament-2026\/","title":{"rendered":"Des participants de First Tee \u2013 Premier d\u00e9part repr\u00e9sentent \u00c9quipe Canada \u00e0 l\u2019\u00e9v\u00e9nement Ernie Els #GameON Autism\u00ae International 4Ball Tournament 2026"},"content":{"rendered":"<div class=\"wp-block-image\">\n<figure class=\"aligncenter size-large\"><img loading=\"lazy\" decoding=\"async\" width=\"1024\" height=\"576\" src=\"https:\/\/firstteecanada.ca\/wp-content\/uploads\/sites\/191\/2026\/06\/ElsforAutismGolfTournamant3-edited-1024x576.jpg\" alt=\"\" class=\"wp-image-8349\" srcset=\"https:\/\/firstteecanada.ca\/wp-content\/uploads\/sites\/191\/2026\/06\/ElsforAutismGolfTournamant3-edited-1024x576.jpg 1024w, https:\/\/firstteecanada.ca\/wp-content\/uploads\/sites\/191\/2026\/06\/ElsforAutismGolfTournamant3-edited-300x169.jpg 300w, https:\/\/firstteecanada.ca\/wp-content\/uploads\/sites\/191\/2026\/06\/ElsforAutismGolfTournamant3-edited-768x432.jpg 768w, https:\/\/firstteecanada.ca\/wp-content\/uploads\/sites\/191\/2026\/06\/ElsforAutismGolfTournamant3-edited-1536x864.jpg 1536w, https:\/\/firstteecanada.ca\/wp-content\/uploads\/sites\/191\/2026\/06\/ElsforAutismGolfTournamant3-edited-2048x1151.jpg 2048w, https:\/\/firstteecanada.ca\/wp-content\/uploads\/sites\/191\/2026\/06\/ElsforAutismGolfTournamant3-edited-140x79.jpg 140w\" sizes=\"auto, (max-width: 1024px) 100vw, 1024px\" \/><\/figure>\n<\/div>\n\n\n<p class=\"wp-block-paragraph\"><strong>HUMBER VALLEY, T.-N.-L. \u2014<\/strong> Huit participants de First Tee \u2013 Premier d\u00e9part ont fi\u00e8rement repr\u00e9sent\u00e9 \u00c9quipe Canada \u00e0 l\u2019\u00e9v\u00e9nement Ernie Els #GameON Autism\u00ae International 4Ball Tournament 2026 au Humber Valley Resort le 21 mai, se joignant \u00e0 de nombreux jeunes golfeurs de plusieurs pays pour c\u00e9l\u00e9brer le sport, l\u2019inclusion et la communaut\u00e9.<\/p>\n\n\n\n<p class=\"wp-block-paragraph\">Ce tournoi international satellite rassemblait des participants du Canada, du Royaume-Uni, des \u00c9tats-Unis et d\u2019Afrique du Sud. Comp\u00e9titionnant en formule Scramble \u00e0 deux sur six trous, l\u2019\u00e9quipe canadienne comprenait quatre duos de participants atteints de troubles du spectre de l\u2019autisme (TSA) ayant pris part aux programmes First Tee \u2013 Premier d\u00e9part au cours des trois derni\u00e8res ann\u00e9es, sous la gouverne des entra\u00eeneurs Wayne, Rosie et Paige Allen, ainsi que Taylor Cormier.<\/p>\n\n\n\n<p class=\"wp-block-paragraph\">La journ\u00e9e a commenc\u00e9 par la remise aux participants de leurs uniformes d\u2019\u00c9quipe Canada de la part d\u2019adidas, partenaire de First Tee \u2013 Premier d\u00e9part Canada, avant que les jeunes golfeurs s\u2019\u00e9lancent sur le parcours du Humber Valley Resort. Tout au long du tournoi, les co\u00e9quipiers et les entra\u00eeneurs ont c\u00e9l\u00e9br\u00e9 les succ\u00e8s de chacun par des hourras et des mots d&rsquo;encouragement, cr\u00e9ant ainsi une atmosph\u00e8re refl\u00e9tant les valeurs de confiance, d\u2019esprit sportif et de respect v\u00e9hicul\u00e9es par les programmes First Tee \u2013 Premier d\u00e9part.<\/p>\n\n\n\n<p class=\"wp-block-paragraph\">Pour bien des familles, cet \u00e9v\u00e9nement constituait une occasion unique pour leurs enfants de participer \u00e0 une comp\u00e9tition sportive internationale.<\/p>\n\n\n\n<p class=\"wp-block-paragraph\">\u00ab Les enfants en situation de handicap n\u2019ont pas souvent l\u2019occasion de participer \u00e0 des tournois sportifs, a d\u00e9clar\u00e9 Jim Pink, un parent dont le fils Jackson participe au programme First Tee \u2013 Premier d\u00e9part depuis quatre ans. Gr\u00e2ce au golf, Jackson peut profiter de la camaraderie, de l\u2019esprit sportif et des encouragements mutuels. Ce tournoi est unique en son genre pour nous, et nous l\u2019attendons avec impatience chaque ann\u00e9e.&nbsp;\u00bb<\/p>\n\n\n<div class=\"wp-block-image\">\n<figure class=\"aligncenter size-large\"><img loading=\"lazy\" decoding=\"async\" width=\"768\" height=\"1024\" src=\"https:\/\/firstteecanada.ca\/wp-content\/uploads\/sites\/191\/2026\/06\/ElsforAutismHumberValleyresort168-edited-768x1024.jpg\" alt=\"\" class=\"wp-image-8353\" srcset=\"https:\/\/firstteecanada.ca\/wp-content\/uploads\/sites\/191\/2026\/06\/ElsforAutismHumberValleyresort168-edited-768x1024.jpg 768w, https:\/\/firstteecanada.ca\/wp-content\/uploads\/sites\/191\/2026\/06\/ElsforAutismHumberValleyresort168-edited-225x300.jpg 225w, https:\/\/firstteecanada.ca\/wp-content\/uploads\/sites\/191\/2026\/06\/ElsforAutismHumberValleyresort168-edited-1152x1536.jpg 1152w, https:\/\/firstteecanada.ca\/wp-content\/uploads\/sites\/191\/2026\/06\/ElsforAutismHumberValleyresort168-edited-1535x2048.jpg 1535w, https:\/\/firstteecanada.ca\/wp-content\/uploads\/sites\/191\/2026\/06\/ElsforAutismHumberValleyresort168-edited-105x140.jpg 105w, https:\/\/firstteecanada.ca\/wp-content\/uploads\/sites\/191\/2026\/06\/ElsforAutismHumberValleyresort168-edited-scaled.jpg 1919w\" sizes=\"auto, (max-width: 768px) 100vw, 768px\" \/><figcaption class=\"wp-element-caption\"><em>Jim Pink et son fils, Jackson Pink.<\/em><\/figcaption><\/figure>\n<\/div>\n\n\n<p class=\"wp-block-paragraph\">Apr\u00e8s la ronde, les participants, leurs familles, les entra\u00eeneurs et les supporteurs se sont rassembl\u00e9s dans le pavillon du Humber Valley Resort pour un souper et une r\u00e9ception, cl\u00f4turant ainsi cette journ\u00e9e de mani\u00e8re m\u00e9morable.<\/p>\n\n\n\n<p class=\"wp-block-paragraph\">Pour Joseph Tobin, un participant de 10 ans, l\u2019exp\u00e9rience tenait autant de l\u2019amiti\u00e9 que du golf.<\/p>\n\n\n\n<p class=\"wp-block-paragraph\">\u00ab&nbsp;Ce que j\u2019aime le plus au golf, c\u2019est jouer des coups roul\u00e9s et les amis que je me suis faits dans le programme, dit-il. Ce que j\u2019ai pr\u00e9f\u00e9r\u00e9 aujourd\u2019hui, pendant le tournoi, c\u2019\u00e9tait de faire un grand \u00e9lan.&nbsp;\u00bb<\/p>\n\n\n<div class=\"wp-block-image\">\n<figure class=\"aligncenter size-large\"><img loading=\"lazy\" decoding=\"async\" width=\"1024\" height=\"576\" src=\"https:\/\/firstteecanada.ca\/wp-content\/uploads\/sites\/191\/2026\/06\/ElsforAutismHumberValleyresort107-edited-1024x576.jpg\" alt=\"\" class=\"wp-image-8362\" srcset=\"https:\/\/firstteecanada.ca\/wp-content\/uploads\/sites\/191\/2026\/06\/ElsforAutismHumberValleyresort107-edited-1024x576.jpg 1024w, https:\/\/firstteecanada.ca\/wp-content\/uploads\/sites\/191\/2026\/06\/ElsforAutismHumberValleyresort107-edited-300x169.jpg 300w, https:\/\/firstteecanada.ca\/wp-content\/uploads\/sites\/191\/2026\/06\/ElsforAutismHumberValleyresort107-edited-768x432.jpg 768w, https:\/\/firstteecanada.ca\/wp-content\/uploads\/sites\/191\/2026\/06\/ElsforAutismHumberValleyresort107-edited-1536x864.jpg 1536w, https:\/\/firstteecanada.ca\/wp-content\/uploads\/sites\/191\/2026\/06\/ElsforAutismHumberValleyresort107-edited-2048x1151.jpg 2048w, https:\/\/firstteecanada.ca\/wp-content\/uploads\/sites\/191\/2026\/06\/ElsforAutismHumberValleyresort107-edited-140x79.jpg 140w\" sizes=\"auto, (max-width: 1024px) 100vw, 1024px\" \/><figcaption class=\"wp-element-caption\"><em>Un participant de First Tee \u2013 Premier d\u00e9part Atlantique s\u2019\u00e9lance du tertre de d\u00e9part sous les encouragements de ses entra\u00eeneurs, de ses camarades et de leurs p\u00e8res.<\/em><\/figcaption><\/figure>\n<\/div>\n\n\n<p class=\"wp-block-paragraph\">Le tournoi marquait la deuxi\u00e8me fois qu\u2019un groupe de Humber Valley repr\u00e9sentait le Canada au Ernie Els #GameON Autism\u00ae International 4Ball Tournament. Quatre participants avaient concouru en 2024 et cette ann\u00e9e, l\u2019\u00e9quipe comptait le double de jeunes, ce qui t\u00e9moigne de la croissance continue des programmes First Tee \u2013 Premier d\u00e9part dans la r\u00e9gion.<\/p>\n\n\n\n<p class=\"wp-block-paragraph\">L\u2019\u00e9v\u00e9nement \u00e9tait soutenu par le Humber Valley Resort, First Tee \u2013 Premier d\u00e9part Atlantique, adidas, Kruger et des commanditaires locaux. Leurs contributions ont aid\u00e9 \u00e0 cr\u00e9er une exp\u00e9rience inoubliable pour les participants et leurs familles.<\/p>\n\n\n<div class=\"wp-block-image\">\n<figure class=\"aligncenter size-large\"><img loading=\"lazy\" decoding=\"async\" width=\"1024\" height=\"576\" src=\"https:\/\/firstteecanada.ca\/wp-content\/uploads\/sites\/191\/2026\/06\/ElsforAutismHumberValleyresort159-edited-1024x576.jpg\" alt=\"\" class=\"wp-image-8366\" srcset=\"https:\/\/firstteecanada.ca\/wp-content\/uploads\/sites\/191\/2026\/06\/ElsforAutismHumberValleyresort159-edited-1024x576.jpg 1024w, https:\/\/firstteecanada.ca\/wp-content\/uploads\/sites\/191\/2026\/06\/ElsforAutismHumberValleyresort159-edited-300x169.jpg 300w, https:\/\/firstteecanada.ca\/wp-content\/uploads\/sites\/191\/2026\/06\/ElsforAutismHumberValleyresort159-edited-768x432.jpg 768w, https:\/\/firstteecanada.ca\/wp-content\/uploads\/sites\/191\/2026\/06\/ElsforAutismHumberValleyresort159-edited-1536x864.jpg 1536w, https:\/\/firstteecanada.ca\/wp-content\/uploads\/sites\/191\/2026\/06\/ElsforAutismHumberValleyresort159-edited-2048x1151.jpg 2048w, https:\/\/firstteecanada.ca\/wp-content\/uploads\/sites\/191\/2026\/06\/ElsforAutismHumberValleyresort159-edited-140x79.jpg 140w\" sizes=\"auto, (max-width: 1024px) 100vw, 1024px\" \/><figcaption class=\"wp-element-caption\"><em>Un participant de First Tee \u2013 Premier d\u00e9part Atlantique porte un polo et une casquette de golf fournis par adidas.<\/em><\/figcaption><\/figure>\n<\/div>\n\n\n<p class=\"wp-block-paragraph\">Alors que le tournoi donnait la chance aux jeunes de comp\u00e9titionner sur une sc\u00e8ne internationale, son impact s\u2019\u00e9tend bien au-del\u00e0 de la simple carte de scores. Pour les huit participants qui repr\u00e9sentaient le Canada, c\u2019\u00e9tait une occasion de consolider des amiti\u00e9s, de c\u00e9l\u00e9brer des r\u00e9alisations personnelles et de jouer au sport qu\u2019ils aiment entour\u00e9s d\u2019une communaut\u00e9 qui les soutient.<\/p>\n\n\n\n<p class=\"wp-block-paragraph\">Pour en savoir plus sur les fa\u00e7ons de soutenir le d\u00e9veloppement des jeunes et d\u2019ouvrir des possibilit\u00e9s enrichissantes gr\u00e2ce au golf, visitez le site <a href=\"https:\/\/firstteeatlantic.ca\/fr\/impliquez-vous\/\">firstteeatlantic.ca\/fr\/impliquez-vous<\/a>.<\/p>\n","protected":false},"excerpt":{"rendered":"<p>HUMBER VALLEY, T.-N.-L. \u2014 Huit participants de First Tee \u2013 Premier d\u00e9part ont fi\u00e8rement repr\u00e9sent\u00e9 \u00c9quipe Canada \u00e0 l\u2019\u00e9v\u00e9nement Ernie Els #GameON Autism\u00ae International 4Ball Tournament 2026 au Humber Valley Resort le 21 mai, se joignant \u00e0 de nombreux jeunes golfeurs de plusieurs pays pour c\u00e9l\u00e9brer le sport, l\u2019inclusion et la communaut\u00e9. Ce tournoi international [&hellip;]<\/p>\n","protected":false},"author":6073,"featured_media":8347,"comment_status":"closed","ping_status":"closed","sticky":true,"template":"","format":"standard","meta":{"_acf_changed":false,"footnotes":""},"categories":[56,40,55],"tags":[363,580,563,587,581,568,523,560,345,561,565,583,571,588,281,343,227,391,282,156,566,582,591,352,564,586,585,589,590,578,211,584,570,573,579,567,569,575,576],"class_list":["post-8368","post","type-post","status-publish","format-standard","has-post-thumbnail","hentry","category-articles-en-vedette","category-non-classifiee","category-nouvelles","tag-adidas","tag-adidas-canada","tag-autism","tag-camaraderie","tag-canada","tag-communaute","tag-confiance","tag-equipe-canada","tag-equite","tag-ernie-els","tag-ernie-els-gameon-autism-international-4ball-tournament-2026","tag-esprit-sportif","tag-etats-unis","tag-familles","tag-first-tee-premier-depart-3","tag-first-tee-premier-depart-atlantique","tag-first-tee-premier-depart-canada","tag-golf","tag-golf-canada-2","tag-golf-junior-communautaire-rbc","tag-humber-valley","tag-humber-valley-resort","tag-impliquez-vous","tag-inclusion","tag-international-4ball-tournament","tag-jackson-pink","tag-jim-pink","tag-kriger","tag-kruger","tag-paige-allen","tag-programmes-de-golf-inclusifs","tag-respect-vehiculees","tag-royaume-uni","tag-scramble","tag-taylor-cormier","tag-terre-neuve-et-labrador","tag-tournoi-international-satellite","tag-tsa","tag-wayne-allen"],"acf":[],"yoast_head":"<!-- This site is optimized with the Yoast SEO plugin v28.2 - https:\/\/yoast.com\/product\/yoast-seo-wordpress\/ -->\n<title>Des participants de First Tee \u2013 Premier d\u00e9part repr\u00e9sentent \u00c9quipe Canada \u00e0 l\u2019\u00e9v\u00e9nement Ernie Els #GameON Autism\u00ae International 4Ball Tournament 2026 - First Tee \u2013 Canada<\/title>\n<meta name=\"robots\" content=\"index, follow, max-snippet:-1, max-image-preview:large, max-video-preview:-1\" \/>\n<link rel=\"canonical\" href=\"https:\/\/firstteecanada.ca\/fr\/des-participants-de-first-tee-premier-depart-representent-equipe-canada-a-levenement-ernie-els-gameon-autism-international-4ball-tournament-2026\/\" \/>\n<meta property=\"og:locale\" content=\"fr_FR\" \/>\n<meta property=\"og:type\" content=\"article\" \/>\n<meta property=\"og:title\" content=\"Des participants de First Tee \u2013 Premier d\u00e9part repr\u00e9sentent \u00c9quipe Canada \u00e0 l\u2019\u00e9v\u00e9nement Ernie Els #GameON Autism\u00ae International 4Ball Tournament 2026 - First Tee \u2013 Canada\" \/>\n<meta property=\"og:description\" content=\"HUMBER VALLEY, T.-N.-L. \u2014 Huit participants de First Tee \u2013 Premier d\u00e9part ont fi\u00e8rement repr\u00e9sent\u00e9 \u00c9quipe Canada \u00e0 l\u2019\u00e9v\u00e9nement Ernie Els #GameON Autism\u00ae International 4Ball Tournament 2026 au Humber Valley Resort le 21 mai, se joignant \u00e0 de nombreux jeunes golfeurs de plusieurs pays pour c\u00e9l\u00e9brer le sport, l\u2019inclusion et la communaut\u00e9. Ce tournoi international [&hellip;]\" \/>\n<meta property=\"og:url\" content=\"https:\/\/firstteecanada.ca\/fr\/des-participants-de-first-tee-premier-depart-representent-equipe-canada-a-levenement-ernie-els-gameon-autism-international-4ball-tournament-2026\/\" \/>\n<meta property=\"og:site_name\" content=\"First Tee \u2013 Canada\" \/>\n<meta property=\"article:publisher\" content=\"https:\/\/www.facebook.com\/GolfCanada\/\" \/>\n<meta property=\"article:published_time\" content=\"2026-06-16T14:19:08+00:00\" \/>\n<meta property=\"article:modified_time\" content=\"2026-06-16T14:19:12+00:00\" \/>\n<meta property=\"og:image\" content=\"https:\/\/firstteecanada.ca\/wp-content\/uploads\/sites\/191\/2026\/06\/ElsforAutismGolfTournamant3-scaled.jpg\" \/>\n\t<meta property=\"og:image:width\" content=\"2560\" \/>\n\t<meta property=\"og:image:height\" content=\"1707\" \/>\n\t<meta property=\"og:image:type\" content=\"image\/jpeg\" \/>\n<meta name=\"author\" content=\"khasmatali\" \/>\n<meta name=\"twitter:card\" content=\"summary_large_image\" \/>\n<meta name=\"twitter:creator\" content=\"@GolfCanada\" \/>\n<meta name=\"twitter:site\" content=\"@GolfCanada\" \/>\n<meta name=\"twitter:label1\" content=\"\u00c9crit par\" \/>\n\t<meta name=\"twitter:data1\" content=\"khasmatali\" \/>\n\t<meta name=\"twitter:label2\" content=\"Dur\u00e9e de lecture estim\u00e9e\" \/>\n\t<meta name=\"twitter:data2\" content=\"4 minutes\" \/>\n<script type=\"application\/ld+json\" class=\"yoast-schema-graph\">{\"@context\":\"https:\\\/\\\/schema.org\",\"@graph\":[{\"@type\":\"Article\",\"@id\":\"https:\\\/\\\/firstteecanada.ca\\\/fr\\\/des-participants-de-first-tee-premier-depart-representent-equipe-canada-a-levenement-ernie-els-gameon-autism-international-4ball-tournament-2026\\\/#article\",\"isPartOf\":{\"@id\":\"https:\\\/\\\/firstteecanada.ca\\\/fr\\\/des-participants-de-first-tee-premier-depart-representent-equipe-canada-a-levenement-ernie-els-gameon-autism-international-4ball-tournament-2026\\\/\"},\"author\":{\"name\":\"khasmatali\",\"@id\":\"https:\\\/\\\/firstteecanada.ca\\\/fr\\\/#\\\/schema\\\/person\\\/cb328531d8f1fb5ee7249925c8fecc6a\"},\"headline\":\"Des participants de First Tee \u2013 Premier d\u00e9part repr\u00e9sentent \u00c9quipe Canada \u00e0 l\u2019\u00e9v\u00e9nement Ernie Els #GameON Autism\u00ae International 4Ball Tournament 2026\",\"datePublished\":\"2026-06-16T14:19:08+00:00\",\"dateModified\":\"2026-06-16T14:19:12+00:00\",\"mainEntityOfPage\":{\"@id\":\"https:\\\/\\\/firstteecanada.ca\\\/fr\\\/des-participants-de-first-tee-premier-depart-representent-equipe-canada-a-levenement-ernie-els-gameon-autism-international-4ball-tournament-2026\\\/\"},\"wordCount\":722,\"publisher\":{\"@id\":\"https:\\\/\\\/firstteecanada.ca\\\/fr\\\/#organization\"},\"image\":{\"@id\":\"https:\\\/\\\/firstteecanada.ca\\\/fr\\\/des-participants-de-first-tee-premier-depart-representent-equipe-canada-a-levenement-ernie-els-gameon-autism-international-4ball-tournament-2026\\\/#primaryimage\"},\"thumbnailUrl\":\"https:\\\/\\\/firstteecanada.ca\\\/wp-content\\\/uploads\\\/sites\\\/191\\\/2026\\\/06\\\/ElsforAutismGolfTournamant3-scaled.jpg\",\"keywords\":[\"adidas\",\"adidas Canada\",\"Autism\",\"camaraderie\",\"Canada\",\"communaut\u00e9\",\"confiance\",\"\u00c9quipe Canada\",\"\u00e9quit\u00e9\",\"Ernie Els\",\"Ernie Els #GameON Autism\u00ae International 4Ball Tournament 2026\",\"esprit sportif\",\"\u00c9tats-Unis\",\"familles\",\"First Tee \u2013 Premier d\u00e9part\",\"First Tee \u2013 Premier d\u00e9part Atlantique\",\"First Tee \u2013 Premier d\u00e9part Canada\",\"Golf\",\"Golf Canada\",\"Golf junior communautaire RBC\",\"Humber Valley\",\"Humber Valley Resort\",\"impliquez-vous\",\"inclusion\",\"International 4Ball Tournament\",\"Jackson Pink\",\"Jim Pink\",\"Kriger\",\"Kruger\",\"Paige Allen\",\"Programmes de golf inclusifs\",\"respect v\u00e9hicul\u00e9es\",\"Royaume-Uni\",\"Scramble\",\"Taylor Cormier\",\"Terre-Neuve-et-Labrador\",\"tournoi international satellite\",\"TSA\",\"Wayne Allen\"],\"articleSection\":[\"Articles en vedette\",\"Non classifi\u00e9(e)\",\"Nouvelles\"],\"inLanguage\":\"fr-FR\"},{\"@type\":\"WebPage\",\"@id\":\"https:\\\/\\\/firstteecanada.ca\\\/fr\\\/des-participants-de-first-tee-premier-depart-representent-equipe-canada-a-levenement-ernie-els-gameon-autism-international-4ball-tournament-2026\\\/\",\"url\":\"https:\\\/\\\/firstteecanada.ca\\\/fr\\\/des-participants-de-first-tee-premier-depart-representent-equipe-canada-a-levenement-ernie-els-gameon-autism-international-4ball-tournament-2026\\\/\",\"name\":\"Des participants de First Tee \u2013 Premier d\u00e9part repr\u00e9sentent \u00c9quipe Canada \u00e0 l\u2019\u00e9v\u00e9nement Ernie Els #GameON Autism\u00ae International 4Ball Tournament 2026 - First Tee \u2013 Canada\",\"isPartOf\":{\"@id\":\"https:\\\/\\\/firstteecanada.ca\\\/fr\\\/#website\"},\"primaryImageOfPage\":{\"@id\":\"https:\\\/\\\/firstteecanada.ca\\\/fr\\\/des-participants-de-first-tee-premier-depart-representent-equipe-canada-a-levenement-ernie-els-gameon-autism-international-4ball-tournament-2026\\\/#primaryimage\"},\"image\":{\"@id\":\"https:\\\/\\\/firstteecanada.ca\\\/fr\\\/des-participants-de-first-tee-premier-depart-representent-equipe-canada-a-levenement-ernie-els-gameon-autism-international-4ball-tournament-2026\\\/#primaryimage\"},\"thumbnailUrl\":\"https:\\\/\\\/firstteecanada.ca\\\/wp-content\\\/uploads\\\/sites\\\/191\\\/2026\\\/06\\\/ElsforAutismGolfTournamant3-scaled.jpg\",\"datePublished\":\"2026-06-16T14:19:08+00:00\",\"dateModified\":\"2026-06-16T14:19:12+00:00\",\"breadcrumb\":{\"@id\":\"https:\\\/\\\/firstteecanada.ca\\\/fr\\\/des-participants-de-first-tee-premier-depart-representent-equipe-canada-a-levenement-ernie-els-gameon-autism-international-4ball-tournament-2026\\\/#breadcrumb\"},\"inLanguage\":\"fr-FR\",\"potentialAction\":[{\"@type\":\"ReadAction\",\"target\":[\"https:\\\/\\\/firstteecanada.ca\\\/fr\\\/des-participants-de-first-tee-premier-depart-representent-equipe-canada-a-levenement-ernie-els-gameon-autism-international-4ball-tournament-2026\\\/\"]}]},{\"@type\":\"ImageObject\",\"inLanguage\":\"fr-FR\",\"@id\":\"https:\\\/\\\/firstteecanada.ca\\\/fr\\\/des-participants-de-first-tee-premier-depart-representent-equipe-canada-a-levenement-ernie-els-gameon-autism-international-4ball-tournament-2026\\\/#primaryimage\",\"url\":\"https:\\\/\\\/firstteecanada.ca\\\/wp-content\\\/uploads\\\/sites\\\/191\\\/2026\\\/06\\\/ElsforAutismGolfTournamant3-scaled.jpg\",\"contentUrl\":\"https:\\\/\\\/firstteecanada.ca\\\/wp-content\\\/uploads\\\/sites\\\/191\\\/2026\\\/06\\\/ElsforAutismGolfTournamant3-scaled.jpg\",\"width\":2560,\"height\":1707},{\"@type\":\"BreadcrumbList\",\"@id\":\"https:\\\/\\\/firstteecanada.ca\\\/fr\\\/des-participants-de-first-tee-premier-depart-representent-equipe-canada-a-levenement-ernie-els-gameon-autism-international-4ball-tournament-2026\\\/#breadcrumb\",\"itemListElement\":[{\"@type\":\"ListItem\",\"position\":1,\"name\":\"Home\",\"item\":\"https:\\\/\\\/firstteecanada.ca\\\/fr\\\/\"},{\"@type\":\"ListItem\",\"position\":2,\"name\":\"Des participants de First Tee \u2013 Premier d\u00e9part repr\u00e9sentent \u00c9quipe Canada \u00e0 l\u2019\u00e9v\u00e9nement Ernie Els #GameON Autism\u00ae International 4Ball Tournament 2026\"}]},{\"@type\":\"WebSite\",\"@id\":\"https:\\\/\\\/firstteecanada.ca\\\/fr\\\/#website\",\"url\":\"https:\\\/\\\/firstteecanada.ca\\\/fr\\\/\",\"name\":\"First Tee \u2013 Canada\",\"description\":\"D\u00e9velopper les acteurs du changement\",\"publisher\":{\"@id\":\"https:\\\/\\\/firstteecanada.ca\\\/fr\\\/#organization\"},\"potentialAction\":[{\"@type\":\"SearchAction\",\"target\":{\"@type\":\"EntryPoint\",\"urlTemplate\":\"https:\\\/\\\/firstteecanada.ca\\\/fr\\\/?s={search_term_string}\"},\"query-input\":{\"@type\":\"PropertyValueSpecification\",\"valueRequired\":true,\"valueName\":\"search_term_string\"}}],\"inLanguage\":\"fr-FR\"},{\"@type\":\"Organization\",\"@id\":\"https:\\\/\\\/firstteecanada.ca\\\/fr\\\/#organization\",\"name\":\"First Tee \u2013 Canada\",\"url\":\"https:\\\/\\\/firstteecanada.ca\\\/fr\\\/\",\"logo\":{\"@type\":\"ImageObject\",\"inLanguage\":\"fr-FR\",\"@id\":\"https:\\\/\\\/firstteecanada.ca\\\/fr\\\/#\\\/schema\\\/logo\\\/image\\\/\",\"url\":\"https:\\\/\\\/firstteecanada.ca\\\/wp-content\\\/uploads\\\/sites\\\/191\\\/2025\\\/01\\\/RGB_Premier-Depart_Canada_Green-2.png\",\"contentUrl\":\"https:\\\/\\\/firstteecanada.ca\\\/wp-content\\\/uploads\\\/sites\\\/191\\\/2025\\\/01\\\/RGB_Premier-Depart_Canada_Green-2.png\",\"width\":4460,\"height\":2084,\"caption\":\"First Tee \u2013 Canada\"},\"image\":{\"@id\":\"https:\\\/\\\/firstteecanada.ca\\\/fr\\\/#\\\/schema\\\/logo\\\/image\\\/\"},\"sameAs\":[\"https:\\\/\\\/www.facebook.com\\\/GolfCanada\\\/\",\"https:\\\/\\\/x.com\\\/GolfCanada\",\"https:\\\/\\\/www.instagram.com\\\/thegolfcanada\\\/?hl=en\"]},{\"@type\":\"Person\",\"@id\":\"https:\\\/\\\/firstteecanada.ca\\\/fr\\\/#\\\/schema\\\/person\\\/cb328531d8f1fb5ee7249925c8fecc6a\",\"name\":\"khasmatali\",\"image\":{\"@type\":\"ImageObject\",\"inLanguage\":\"fr-FR\",\"@id\":\"https:\\\/\\\/secure.gravatar.com\\\/avatar\\\/fb7df890f9744018e0a6e96cf4c9df1e129a794ed4b149cf91ca9a1b603aafe6?s=96&d=mm&r=g\",\"url\":\"https:\\\/\\\/secure.gravatar.com\\\/avatar\\\/fb7df890f9744018e0a6e96cf4c9df1e129a794ed4b149cf91ca9a1b603aafe6?s=96&d=mm&r=g\",\"contentUrl\":\"https:\\\/\\\/secure.gravatar.com\\\/avatar\\\/fb7df890f9744018e0a6e96cf4c9df1e129a794ed4b149cf91ca9a1b603aafe6?s=96&d=mm&r=g\",\"caption\":\"khasmatali\"},\"url\":\"https:\\\/\\\/firstteecanada.ca\\\/fr\\\/author\\\/khasmatali\\\/\"}]}<\/script>\n<!-- \/ Yoast SEO plugin. -->","yoast_head_json":{"title":"Des participants de First Tee \u2013 Premier d\u00e9part repr\u00e9sentent \u00c9quipe Canada \u00e0 l\u2019\u00e9v\u00e9nement Ernie Els #GameON Autism\u00ae International 4Ball Tournament 2026 - First Tee \u2013 Canada","robots":{"index":"index","follow":"follow","max-snippet":"max-snippet:-1","max-image-preview":"max-image-preview:large","max-video-preview":"max-video-preview:-1"},"canonical":"https:\/\/firstteecanada.ca\/fr\/des-participants-de-first-tee-premier-depart-representent-equipe-canada-a-levenement-ernie-els-gameon-autism-international-4ball-tournament-2026\/","og_locale":"fr_FR","og_type":"article","og_title":"Des participants de First Tee \u2013 Premier d\u00e9part repr\u00e9sentent \u00c9quipe Canada \u00e0 l\u2019\u00e9v\u00e9nement Ernie Els #GameON Autism\u00ae International 4Ball Tournament 2026 - First Tee \u2013 Canada","og_description":"HUMBER VALLEY, T.-N.-L. \u2014 Huit participants de First Tee \u2013 Premier d\u00e9part ont fi\u00e8rement repr\u00e9sent\u00e9 \u00c9quipe Canada \u00e0 l\u2019\u00e9v\u00e9nement Ernie Els #GameON Autism\u00ae International 4Ball Tournament 2026 au Humber Valley Resort le 21 mai, se joignant \u00e0 de nombreux jeunes golfeurs de plusieurs pays pour c\u00e9l\u00e9brer le sport, l\u2019inclusion et la communaut\u00e9. Ce tournoi international [&hellip;]","og_url":"https:\/\/firstteecanada.ca\/fr\/des-participants-de-first-tee-premier-depart-representent-equipe-canada-a-levenement-ernie-els-gameon-autism-international-4ball-tournament-2026\/","og_site_name":"First Tee \u2013 Canada","article_publisher":"https:\/\/www.facebook.com\/GolfCanada\/","article_published_time":"2026-06-16T14:19:08+00:00","article_modified_time":"2026-06-16T14:19:12+00:00","og_image":[{"width":2560,"height":1707,"url":"https:\/\/firstteecanada.ca\/wp-content\/uploads\/sites\/191\/2026\/06\/ElsforAutismGolfTournamant3-scaled.jpg","type":"image\/jpeg"}],"author":"khasmatali","twitter_card":"summary_large_image","twitter_creator":"@GolfCanada","twitter_site":"@GolfCanada","twitter_misc":{"\u00c9crit par":"khasmatali","Dur\u00e9e de lecture estim\u00e9e":"4 minutes"},"schema":{"@context":"https:\/\/schema.org","@graph":[{"@type":"Article","@id":"https:\/\/firstteecanada.ca\/fr\/des-participants-de-first-tee-premier-depart-representent-equipe-canada-a-levenement-ernie-els-gameon-autism-international-4ball-tournament-2026\/#article","isPartOf":{"@id":"https:\/\/firstteecanada.ca\/fr\/des-participants-de-first-tee-premier-depart-representent-equipe-canada-a-levenement-ernie-els-gameon-autism-international-4ball-tournament-2026\/"},"author":{"name":"khasmatali","@id":"https:\/\/firstteecanada.ca\/fr\/#\/schema\/person\/cb328531d8f1fb5ee7249925c8fecc6a"},"headline":"Des participants de First Tee \u2013 Premier d\u00e9part repr\u00e9sentent \u00c9quipe Canada \u00e0 l\u2019\u00e9v\u00e9nement Ernie Els #GameON Autism\u00ae International 4Ball Tournament 2026","datePublished":"2026-06-16T14:19:08+00:00","dateModified":"2026-06-16T14:19:12+00:00","mainEntityOfPage":{"@id":"https:\/\/firstteecanada.ca\/fr\/des-participants-de-first-tee-premier-depart-representent-equipe-canada-a-levenement-ernie-els-gameon-autism-international-4ball-tournament-2026\/"},"wordCount":722,"publisher":{"@id":"https:\/\/firstteecanada.ca\/fr\/#organization"},"image":{"@id":"https:\/\/firstteecanada.ca\/fr\/des-participants-de-first-tee-premier-depart-representent-equipe-canada-a-levenement-ernie-els-gameon-autism-international-4ball-tournament-2026\/#primaryimage"},"thumbnailUrl":"https:\/\/firstteecanada.ca\/wp-content\/uploads\/sites\/191\/2026\/06\/ElsforAutismGolfTournamant3-scaled.jpg","keywords":["adidas","adidas Canada","Autism","camaraderie","Canada","communaut\u00e9","confiance","\u00c9quipe Canada","\u00e9quit\u00e9","Ernie Els","Ernie Els #GameON Autism\u00ae International 4Ball Tournament 2026","esprit sportif","\u00c9tats-Unis","familles","First Tee \u2013 Premier d\u00e9part","First Tee \u2013 Premier d\u00e9part Atlantique","First Tee \u2013 Premier d\u00e9part Canada","Golf","Golf Canada","Golf junior communautaire RBC","Humber Valley","Humber Valley Resort","impliquez-vous","inclusion","International 4Ball Tournament","Jackson Pink","Jim Pink","Kriger","Kruger","Paige Allen","Programmes de golf inclusifs","respect v\u00e9hicul\u00e9es","Royaume-Uni","Scramble","Taylor Cormier","Terre-Neuve-et-Labrador","tournoi international satellite","TSA","Wayne Allen"],"articleSection":["Articles en vedette","Non classifi\u00e9(e)","Nouvelles"],"inLanguage":"fr-FR"},{"@type":"WebPage","@id":"https:\/\/firstteecanada.ca\/fr\/des-participants-de-first-tee-premier-depart-representent-equipe-canada-a-levenement-ernie-els-gameon-autism-international-4ball-tournament-2026\/","url":"https:\/\/firstteecanada.ca\/fr\/des-participants-de-first-tee-premier-depart-representent-equipe-canada-a-levenement-ernie-els-gameon-autism-international-4ball-tournament-2026\/","name":"Des participants de First Tee \u2013 Premier d\u00e9part repr\u00e9sentent \u00c9quipe Canada \u00e0 l\u2019\u00e9v\u00e9nement Ernie Els #GameON Autism\u00ae International 4Ball Tournament 2026 - First Tee \u2013 Canada","isPartOf":{"@id":"https:\/\/firstteecanada.ca\/fr\/#website"},"primaryImageOfPage":{"@id":"https:\/\/firstteecanada.ca\/fr\/des-participants-de-first-tee-premier-depart-representent-equipe-canada-a-levenement-ernie-els-gameon-autism-international-4ball-tournament-2026\/#primaryimage"},"image":{"@id":"https:\/\/firstteecanada.ca\/fr\/des-participants-de-first-tee-premier-depart-representent-equipe-canada-a-levenement-ernie-els-gameon-autism-international-4ball-tournament-2026\/#primaryimage"},"thumbnailUrl":"https:\/\/firstteecanada.ca\/wp-content\/uploads\/sites\/191\/2026\/06\/ElsforAutismGolfTournamant3-scaled.jpg","datePublished":"2026-06-16T14:19:08+00:00","dateModified":"2026-06-16T14:19:12+00:00","breadcrumb":{"@id":"https:\/\/firstteecanada.ca\/fr\/des-participants-de-first-tee-premier-depart-representent-equipe-canada-a-levenement-ernie-els-gameon-autism-international-4ball-tournament-2026\/#breadcrumb"},"inLanguage":"fr-FR","potentialAction":[{"@type":"ReadAction","target":["https:\/\/firstteecanada.ca\/fr\/des-participants-de-first-tee-premier-depart-representent-equipe-canada-a-levenement-ernie-els-gameon-autism-international-4ball-tournament-2026\/"]}]},{"@type":"ImageObject","inLanguage":"fr-FR","@id":"https:\/\/firstteecanada.ca\/fr\/des-participants-de-first-tee-premier-depart-representent-equipe-canada-a-levenement-ernie-els-gameon-autism-international-4ball-tournament-2026\/#primaryimage","url":"https:\/\/firstteecanada.ca\/wp-content\/uploads\/sites\/191\/2026\/06\/ElsforAutismGolfTournamant3-scaled.jpg","contentUrl":"https:\/\/firstteecanada.ca\/wp-content\/uploads\/sites\/191\/2026\/06\/ElsforAutismGolfTournamant3-scaled.jpg","width":2560,"height":1707},{"@type":"BreadcrumbList","@id":"https:\/\/firstteecanada.ca\/fr\/des-participants-de-first-tee-premier-depart-representent-equipe-canada-a-levenement-ernie-els-gameon-autism-international-4ball-tournament-2026\/#breadcrumb","itemListElement":[{"@type":"ListItem","position":1,"name":"Home","item":"https:\/\/firstteecanada.ca\/fr\/"},{"@type":"ListItem","position":2,"name":"Des participants de First Tee \u2013 Premier d\u00e9part repr\u00e9sentent \u00c9quipe Canada \u00e0 l\u2019\u00e9v\u00e9nement Ernie Els #GameON Autism\u00ae International 4Ball Tournament 2026"}]},{"@type":"WebSite","@id":"https:\/\/firstteecanada.ca\/fr\/#website","url":"https:\/\/firstteecanada.ca\/fr\/","name":"First Tee \u2013 Canada","description":"D\u00e9velopper les acteurs du changement","publisher":{"@id":"https:\/\/firstteecanada.ca\/fr\/#organization"},"potentialAction":[{"@type":"SearchAction","target":{"@type":"EntryPoint","urlTemplate":"https:\/\/firstteecanada.ca\/fr\/?s={search_term_string}"},"query-input":{"@type":"PropertyValueSpecification","valueRequired":true,"valueName":"search_term_string"}}],"inLanguage":"fr-FR"},{"@type":"Organization","@id":"https:\/\/firstteecanada.ca\/fr\/#organization","name":"First Tee \u2013 Canada","url":"https:\/\/firstteecanada.ca\/fr\/","logo":{"@type":"ImageObject","inLanguage":"fr-FR","@id":"https:\/\/firstteecanada.ca\/fr\/#\/schema\/logo\/image\/","url":"https:\/\/firstteecanada.ca\/wp-content\/uploads\/sites\/191\/2025\/01\/RGB_Premier-Depart_Canada_Green-2.png","contentUrl":"https:\/\/firstteecanada.ca\/wp-content\/uploads\/sites\/191\/2025\/01\/RGB_Premier-Depart_Canada_Green-2.png","width":4460,"height":2084,"caption":"First Tee \u2013 Canada"},"image":{"@id":"https:\/\/firstteecanada.ca\/fr\/#\/schema\/logo\/image\/"},"sameAs":["https:\/\/www.facebook.com\/GolfCanada\/","https:\/\/x.com\/GolfCanada","https:\/\/www.instagram.com\/thegolfcanada\/?hl=en"]},{"@type":"Person","@id":"https:\/\/firstteecanada.ca\/fr\/#\/schema\/person\/cb328531d8f1fb5ee7249925c8fecc6a","name":"khasmatali","image":{"@type":"ImageObject","inLanguage":"fr-FR","@id":"https:\/\/secure.gravatar.com\/avatar\/fb7df890f9744018e0a6e96cf4c9df1e129a794ed4b149cf91ca9a1b603aafe6?s=96&d=mm&r=g","url":"https:\/\/secure.gravatar.com\/avatar\/fb7df890f9744018e0a6e96cf4c9df1e129a794ed4b149cf91ca9a1b603aafe6?s=96&d=mm&r=g","contentUrl":"https:\/\/secure.gravatar.com\/avatar\/fb7df890f9744018e0a6e96cf4c9df1e129a794ed4b149cf91ca9a1b603aafe6?s=96&d=mm&r=g","caption":"khasmatali"},"url":"https:\/\/firstteecanada.ca\/fr\/author\/khasmatali\/"}]}},"_links":{"self":[{"href":"https:\/\/firstteecanada.ca\/fr\/wp-json\/wp\/v2\/posts\/8368","targetHints":{"allow":["GET"]}}],"collection":[{"href":"https:\/\/firstteecanada.ca\/fr\/wp-json\/wp\/v2\/posts"}],"about":[{"href":"https:\/\/firstteecanada.ca\/fr\/wp-json\/wp\/v2\/types\/post"}],"author":[{"embeddable":true,"href":"https:\/\/firstteecanada.ca\/fr\/wp-json\/wp\/v2\/users\/6073"}],"replies":[{"embeddable":true,"href":"https:\/\/firstteecanada.ca\/fr\/wp-json\/wp\/v2\/comments?post=8368"}],"version-history":[{"count":0,"href":"https:\/\/firstteecanada.ca\/fr\/wp-json\/wp\/v2\/posts\/8368\/revisions"}],"wp:featuredmedia":[{"embeddable":true,"href":"https:\/\/firstteecanada.ca\/fr\/wp-json\/wp\/v2\/media\/8347"}],"wp:attachment":[{"href":"https:\/\/firstteecanada.ca\/fr\/wp-json\/wp\/v2\/media?parent=8368"}],"wp:term":[{"taxonomy":"category","embeddable":true,"href":"https:\/\/firstteecanada.ca\/fr\/wp-json\/wp\/v2\/categories?post=8368"},{"taxonomy":"post_tag","embeddable":true,"href":"https:\/\/firstteecanada.ca\/fr\/wp-json\/wp\/v2\/tags?post=8368"}],"curies":[{"name":"wp","href":"https:\/\/api.w.org\/{rel}","templated":true}]}},{"id":8312,"date":"2026-06-01T17:04:27","date_gmt":"2026-06-01T22:04:27","guid":{"rendered":"https:\/\/firstteecanada.ca\/?p=8312"},"modified":"2026-06-25T13:09:08","modified_gmt":"2026-06-25T18:09:08","slug":"visages-de-first-tee-premier-depart-andrew-white-aide-le-programme-pilote-adoptez-une-ecole-de-first-tee-premier-depart-atlantique","status":"publish","type":"post","link":"https:\/\/firstteecanada.ca\/fr\/visages-de-first-tee-premier-depart-andrew-white-aide-le-programme-pilote-adoptez-une-ecole-de-first-tee-premier-depart-atlantique\/","title":{"rendered":"Visages de First Tee \u2013 Premier d\u00e9part\u00a0: Andrew White aide le programme pilote \u00ab\u00a0Adoptez une \u00e9cole\u00a0\u00bb de First Tee \u2013 Premier d\u00e9part Atlantique"},"content":{"rendered":"<div class=\"wp-block-image\">\n<figure class=\"aligncenter size-large\"><img loading=\"lazy\" decoding=\"async\" width=\"1024\" height=\"576\" src=\"https:\/\/firstteecanada.ca\/wp-content\/uploads\/sites\/191\/2026\/06\/FOFT_AndrewWhite_1920x1080_FR-1024x576.jpg\" alt=\"\" class=\"wp-image-8307\" srcset=\"https:\/\/firstteecanada.ca\/wp-content\/uploads\/sites\/191\/2026\/06\/FOFT_AndrewWhite_1920x1080_FR-1024x576.jpg 1024w, https:\/\/firstteecanada.ca\/wp-content\/uploads\/sites\/191\/2026\/06\/FOFT_AndrewWhite_1920x1080_FR-300x169.jpg 300w, https:\/\/firstteecanada.ca\/wp-content\/uploads\/sites\/191\/2026\/06\/FOFT_AndrewWhite_1920x1080_FR-768x432.jpg 768w, https:\/\/firstteecanada.ca\/wp-content\/uploads\/sites\/191\/2026\/06\/FOFT_AndrewWhite_1920x1080_FR-1536x864.jpg 1536w, https:\/\/firstteecanada.ca\/wp-content\/uploads\/sites\/191\/2026\/06\/FOFT_AndrewWhite_1920x1080_FR-2048x1152.jpg 2048w, https:\/\/firstteecanada.ca\/wp-content\/uploads\/sites\/191\/2026\/06\/FOFT_AndrewWhite_1920x1080_FR-140x79.jpg 140w\" sizes=\"auto, (max-width: 1024px) 100vw, 1024px\" \/><\/figure>\n<\/div>\n\n\n<p class=\"wp-block-paragraph\"><strong>KENTVILLE, N.-\u00c9. \u2014<\/strong> Alors que la demande pour le programme scolaire First Tee \u2013 Premier d\u00e9part continuait d\u2019augmenter \u00e0 travers le Canada atlantique, un d\u00e9fi familier se posait \u00e0 First Tee \u2013 Premier d\u00e9part Atlantique&nbsp;: davantage d\u2019\u00e9coles souhaitaient y avoir acc\u00e8s que le financement disponible le permettait.<\/p>\n\n\n\n<p class=\"wp-block-paragraph\">Pour aider \u00e0 r\u00e9pondre \u00e0 cette demande, la section a lanc\u00e9 une initiative \u00ab&nbsp;<a href=\"https:\/\/firstteeatlantic.ca\/fr\/2025\/07\/09\/first-tee-premier-depart-atlantique-lance-son-programme-adoptez-une-ecole-pour-repondre-a-la-demande-du-milieu-scolaire\/\" type=\"link\" id=\"https:\/\/firstteeatlantic.ca\/fr\/2025\/07\/09\/first-tee-premier-depart-atlantique-lance-son-programme-adoptez-une-ecole-pour-repondre-a-la-demande-du-milieu-scolaire\/\" target=\"_blank\" rel=\"noreferrer noopener\">Adoptez une \u00e9cole<\/a>&nbsp;\u00bb permettant aux supporteurs locaux de commanditer une \u00e9cole en couvrant les frais d\u2019entra\u00eenement, d\u2019\u00e9quipement, de programme et de plans de le\u00e7ons n\u00e9cessaires pour offrir le programme.<\/p>\n\n\n\n<p class=\"wp-block-paragraph\">L\u2019initiative a fait l\u2019objet d\u2019un projet pilote en 2025 avec l\u2019appui d\u2019Andrew White, propri\u00e9taire de Full Circle Insurance and Investment Solutions qui a commandit\u00e9 la Kings County Academy de Kentville, en Nouvelle-\u00c9cosse.<\/p>\n\n\n\n<p class=\"wp-block-paragraph\">\u00ab&nbsp;Andrew a \u00e9t\u00e9 la premi\u00e8re personne \u00e0 qui j\u2019ai pens\u00e9 pour nous aider \u00e0 piloter cette initiative, d\u00e9clare Steve Healy, agent de d\u00e9veloppement de First Tee \u2013 Premier d\u00e9part Atlantique. Nous sommes reconnaissants de son soutien et de son engagement continus envers l\u2019enseignement du golf aux jeunes en plus grand nombre dans les \u00e9coles de sa communaut\u00e9.&nbsp;\u00bb<\/p>\n\n\n\n<p class=\"wp-block-paragraph\">First Tee \u2013 Premier d\u00e9part Canada a parl\u00e9 \u00e0 White des raisons qui l\u2019ont pouss\u00e9 \u00e0 s\u2019impliquer.<\/p>\n\n\n\n<p class=\"wp-block-paragraph\">White, golfeur aguerri et entra\u00eeneur sportif aupr\u00e8s des jeunes, affirme que le soutien des jeunes a toujours \u00e9t\u00e9 important pour lui.<\/p>\n\n\n\n<p class=\"wp-block-paragraph\">\u00ab&nbsp;Je crois sinc\u00e8rement qu\u2019il faut ouvrir diverses possibilit\u00e9s aux jeunes de notre communaut\u00e9, dit-il. Le programme \u201cAdoptez une \u00e9cole\u201d am\u00e8ne le golf directement dans les \u00e9coles en fournissant l\u2019\u00e9quipement et une programmation structur\u00e9e pour initier les \u00e9l\u00e8ves au jeu et aux comp\u00e9tences de vie qu\u2019il inculque.&nbsp;\u00bb<\/p>\n\n\n\n<p class=\"wp-block-paragraph\">Il ajoute que l\u2019initiative aide \u00e0 faire tomber les obstacles qui pourraient autrement emp\u00eacher les jeunes d\u2019essayer ce sport.<\/p>\n\n\n\n<p class=\"wp-block-paragraph\">\u00ab&nbsp;\u00c7a leur donne la chance de d\u00e9couvrir un sport qui d\u00e9veloppe la confiance en soi, l\u2019int\u00e9grit\u00e9 et la pers\u00e9v\u00e9rance&nbsp;\u00bb, dit White.<\/p>\n\n\n\n<p class=\"wp-block-paragraph\">S\u2019appuyant sur pr\u00e8s de 25 ans d\u2019exp\u00e9rience dans le sport, y compris en tant que nageur de comp\u00e9tition, White comprend bien l\u2019impact durable que la pratique sportive peut avoir sur le d\u00e9veloppement des jeunes.<\/p>\n\n\n\n<p class=\"wp-block-paragraph\">\u00ab&nbsp;Le sport m\u2019a enseign\u00e9 tellement de le\u00e7ons et a fa\u00e7onn\u00e9 la personne que je suis, ajoute-t-il. \u00c7a me passionne de donner aux jeunes des possibilit\u00e9s d\u2019apprendre et de grandir gr\u00e2ce au sport.&nbsp;\u00bb<\/p>\n\n\n\n<p class=\"wp-block-paragraph\">Bien que le golf n\u2019ait pas \u00e9t\u00e9 son sport de pr\u00e9dilection quand il \u00e9tait jeune, White a d\u00e9couvert ce jeu gr\u00e2ce \u00e0 des amis et a rapidement acquis une affinit\u00e9 pour le golf qu\u2019il cultive depuis des ann\u00e9es.<\/p>\n\n\n\n<p class=\"wp-block-paragraph\">Quand on lui demande de r\u00e9sumer First Tee \u2013 Premier d\u00e9part en un mot, White dit&nbsp;: \u00ab&nbsp;opportunit\u00e9&nbsp;\u00bb.<\/p>\n\n\n\n<p class=\"wp-block-paragraph\">\u00ab&nbsp;Ce programme initie les jeunes \u00e0 un sport qu\u2019ils n\u2019auraient peut-\u00eatre pas eu la chance de jouer autrement, d\u00e9clare-t-il. Quand j\u2019\u00e9tais jeune, il n\u2019y avait pas de golf dans les \u00e9coles. First Tee \u2013 Premier d\u00e9part retire ces obstacles en int\u00e9grant directement le jeu au contexte scolaire et en ouvrant sa pratique \u00e0 tout le monde.&nbsp;\u00bb<\/p>\n\n\n\n<p class=\"wp-block-paragraph\">White encourage les autres \u00e0 soutenir First Tee \u2013 Premier d\u00e9part ou \u00e0 participer au programme \u00ab&nbsp;Adoptez une \u00e9cole&nbsp;\u00bb.<\/p>\n\n\n\n<p class=\"wp-block-paragraph\">\u00ab&nbsp;S\u2019impliquer, c\u2019est une fa\u00e7on simple d\u2019avoir une influence dans la collectivit\u00e9, dit-il. Le golf enseigne la discipline, la pers\u00e9v\u00e9rance, la confiance et l\u2019int\u00e9grit\u00e9. Vos dons aident \u00e0 ouvrir ces possibilit\u00e9s \u00e0 des jeunes qui peuvent en b\u00e9n\u00e9ficier.&nbsp;\u00bb<\/p>\n\n\n\n<p class=\"wp-block-paragraph\">Apr\u00e8s avoir vu l\u2019impact que le programme scolaire First Tee \u2013 Premier d\u00e9part a eu \u00e0 la Kings County Academy, White a d\u00e9cid\u00e9 de commanditer l\u2019\u00e9cole primaire Aldershot afin d\u2019aider \u00e0 initier encore plus de jeunes de sa communaut\u00e9 au golf et aux comp\u00e9tences de vie qui accompagnent ce sport.<\/p>\n\n\n\n<figure class=\"wp-block-embed is-type-video is-provider-youtube wp-block-embed-youtube wp-embed-aspect-16-9 wp-has-aspect-ratio\"><div class=\"wp-block-embed__wrapper\">\n<iframe loading=\"lazy\" title=\"FOFT AndrewWhite 1920x1080 FR\" width=\"640\" height=\"360\" src=\"https:\/\/www.youtube.com\/embed\/XvFFT-Oai64?feature=oembed\" frameborder=\"0\" allow=\"accelerometer; autoplay; clipboard-write; encrypted-media; gyroscope; picture-in-picture; web-share\" referrerpolicy=\"strict-origin-when-cross-origin\" allowfullscreen><\/iframe>\n<\/div><\/figure>\n\n\n\n<p class=\"wp-block-paragraph\">Impliquez-vous au <a href=\"https:\/\/firstteeatlantic.ca\/fr\/impliquez-vous\/\" target=\"_blank\" rel=\"noreferrer noopener\">firstteeatlantic.ca\/fr\/impliquez-vous<\/a>.<\/p>\n","protected":false},"excerpt":{"rendered":"<p>KENTVILLE, N.-\u00c9. \u2014 Alors que la demande pour le programme scolaire First Tee \u2013 Premier d\u00e9part continuait d\u2019augmenter \u00e0 travers le Canada atlantique, un d\u00e9fi familier se posait \u00e0 First Tee \u2013 Premier d\u00e9part Atlantique&nbsp;: davantage d\u2019\u00e9coles souhaitaient y avoir acc\u00e8s que le financement disponible le permettait. Pour aider \u00e0 r\u00e9pondre \u00e0 cette demande, la [&hellip;]<\/p>\n","protected":false},"author":6073,"featured_media":8313,"comment_status":"closed","ping_status":"closed","sticky":false,"template":"","format":"standard","meta":{"_acf_changed":false,"footnotes":""},"categories":[56,40],"tags":[516,529,514,522,523,527,281,343,227,520,391,282,156,524,517,521,515,518,526,525,519,211,528,513],"class_list":["post-8312","post","type-post","status-publish","format-standard","has-post-thumbnail","hentry","category-articles-en-vedette","category-non-classifiee","tag-adoptez-une-ecole","tag-agent-de-developpement","tag-andrew-white","tag-competences-de-vie","tag-confiance","tag-ecole-primaire-aldershot","tag-first-tee-premier-depart-3","tag-first-tee-premier-depart-atlantique","tag-first-tee-premier-depart-canada","tag-full-circle-insurance-and-investment-solutions","tag-golf","tag-golf-canada-2","tag-golf-junior-communautaire-rbc","tag-integrite","tag-kentville","tag-kings-county-academy","tag-le-canada-atlantique","tag-nouvelle-ecosse","tag-opportunite","tag-perseverance","tag-programme-scolaire-first-tee-premier-depart","tag-programmes-de-golf-inclusifs","tag-steve-healy","tag-visages-de-first-tee-premier-depart"],"acf":[],"yoast_head":"<!-- This site is optimized with the Yoast SEO plugin v28.2 - https:\/\/yoast.com\/product\/yoast-seo-wordpress\/ -->\n<title>Visages de First Tee \u2013 Premier d\u00e9part\u00a0: Andrew White aide le programme pilote \u00ab\u00a0Adoptez une \u00e9cole\u00a0\u00bb de First Tee \u2013 Premier d\u00e9part Atlantique - First Tee \u2013 Canada<\/title>\n<meta name=\"robots\" content=\"index, follow, max-snippet:-1, max-image-preview:large, max-video-preview:-1\" \/>\n<link rel=\"canonical\" href=\"https:\/\/firstteecanada.ca\/fr\/visages-de-first-tee-premier-depart-andrew-white-aide-le-programme-pilote-adoptez-une-ecole-de-first-tee-premier-depart-atlantique\/\" \/>\n<meta property=\"og:locale\" content=\"fr_FR\" \/>\n<meta property=\"og:type\" content=\"article\" \/>\n<meta property=\"og:title\" content=\"Visages de First Tee \u2013 Premier d\u00e9part\u00a0: Andrew White aide le programme pilote \u00ab\u00a0Adoptez une \u00e9cole\u00a0\u00bb de First Tee \u2013 Premier d\u00e9part Atlantique - First Tee \u2013 Canada\" \/>\n<meta property=\"og:description\" content=\"KENTVILLE, N.-\u00c9. \u2014 Alors que la demande pour le programme scolaire First Tee \u2013 Premier d\u00e9part continuait d\u2019augmenter \u00e0 travers le Canada atlantique, un d\u00e9fi familier se posait \u00e0 First Tee \u2013 Premier d\u00e9part Atlantique&nbsp;: davantage d\u2019\u00e9coles souhaitaient y avoir acc\u00e8s que le financement disponible le permettait. Pour aider \u00e0 r\u00e9pondre \u00e0 cette demande, la [&hellip;]\" \/>\n<meta property=\"og:url\" content=\"https:\/\/firstteecanada.ca\/fr\/visages-de-first-tee-premier-depart-andrew-white-aide-le-programme-pilote-adoptez-une-ecole-de-first-tee-premier-depart-atlantique\/\" \/>\n<meta property=\"og:site_name\" content=\"First Tee \u2013 Canada\" \/>\n<meta property=\"article:publisher\" content=\"https:\/\/www.facebook.com\/GolfCanada\/\" \/>\n<meta property=\"article:published_time\" content=\"2026-06-01T22:04:27+00:00\" \/>\n<meta property=\"article:modified_time\" content=\"2026-06-25T18:09:08+00:00\" \/>\n<meta property=\"og:image\" content=\"https:\/\/firstteecanada.ca\/wp-content\/uploads\/sites\/191\/2026\/06\/Andrew-White-FOFT-4x3-FR.jpg\" \/>\n\t<meta property=\"og:image:width\" content=\"1024\" \/>\n\t<meta property=\"og:image:height\" content=\"768\" \/>\n\t<meta property=\"og:image:type\" content=\"image\/jpeg\" \/>\n<meta name=\"author\" content=\"khasmatali\" \/>\n<meta name=\"twitter:card\" content=\"summary_large_image\" \/>\n<meta name=\"twitter:creator\" content=\"@GolfCanada\" \/>\n<meta name=\"twitter:site\" content=\"@GolfCanada\" \/>\n<meta name=\"twitter:label1\" content=\"\u00c9crit par\" \/>\n\t<meta name=\"twitter:data1\" content=\"khasmatali\" \/>\n\t<meta name=\"twitter:label2\" content=\"Dur\u00e9e de lecture estim\u00e9e\" \/>\n\t<meta name=\"twitter:data2\" content=\"3 minutes\" \/>\n<script type=\"application\/ld+json\" class=\"yoast-schema-graph\">{\"@context\":\"https:\\\/\\\/schema.org\",\"@graph\":[{\"@type\":\"Article\",\"@id\":\"https:\\\/\\\/firstteecanada.ca\\\/fr\\\/visages-de-first-tee-premier-depart-andrew-white-aide-le-programme-pilote-adoptez-une-ecole-de-first-tee-premier-depart-atlantique\\\/#article\",\"isPartOf\":{\"@id\":\"https:\\\/\\\/firstteecanada.ca\\\/fr\\\/visages-de-first-tee-premier-depart-andrew-white-aide-le-programme-pilote-adoptez-une-ecole-de-first-tee-premier-depart-atlantique\\\/\"},\"author\":{\"name\":\"khasmatali\",\"@id\":\"https:\\\/\\\/firstteecanada.ca\\\/fr\\\/#\\\/schema\\\/person\\\/cb328531d8f1fb5ee7249925c8fecc6a\"},\"headline\":\"Visages de First Tee \u2013 Premier d\u00e9part\u00a0: Andrew White aide le programme pilote \u00ab\u00a0Adoptez une \u00e9cole\u00a0\u00bb de First Tee \u2013 Premier d\u00e9part Atlantique\",\"datePublished\":\"2026-06-01T22:04:27+00:00\",\"dateModified\":\"2026-06-25T18:09:08+00:00\",\"mainEntityOfPage\":{\"@id\":\"https:\\\/\\\/firstteecanada.ca\\\/fr\\\/visages-de-first-tee-premier-depart-andrew-white-aide-le-programme-pilote-adoptez-une-ecole-de-first-tee-premier-depart-atlantique\\\/\"},\"wordCount\":706,\"publisher\":{\"@id\":\"https:\\\/\\\/firstteecanada.ca\\\/fr\\\/#organization\"},\"image\":{\"@id\":\"https:\\\/\\\/firstteecanada.ca\\\/fr\\\/visages-de-first-tee-premier-depart-andrew-white-aide-le-programme-pilote-adoptez-une-ecole-de-first-tee-premier-depart-atlantique\\\/#primaryimage\"},\"thumbnailUrl\":\"https:\\\/\\\/firstteecanada.ca\\\/wp-content\\\/uploads\\\/sites\\\/191\\\/2026\\\/06\\\/Andrew-White-FOFT-4x3-FR.jpg\",\"keywords\":[\"Adoptez une \u00e9cole\",\"agent de d\u00e9veloppement\",\"Andrew White\",\"comp\u00e9tences de vie\",\"confiance\",\"\u00e9cole primaire Aldershot\",\"First Tee \u2013 Premier d\u00e9part\",\"First Tee \u2013 Premier d\u00e9part Atlantique\",\"First Tee \u2013 Premier d\u00e9part Canada\",\"Full Circle Insurance and Investment Solutions\",\"Golf\",\"Golf Canada\",\"Golf junior communautaire RBC\",\"int\u00e9grit\u00e9\",\"Kentville\",\"Kings County Academy\",\"le Canada atlantique\",\"Nouvelle-\u00c9cosse\",\"opportunit\u00e9\",\"pers\u00e9v\u00e9rance\",\"programme scolaire First Tee \u2013 Premier d\u00e9part\",\"Programmes de golf inclusifs\",\"Steve Healy\",\"Visages de First Tee \u2013 Premier d\u00e9part\"],\"articleSection\":[\"Articles en vedette\",\"Non classifi\u00e9(e)\"],\"inLanguage\":\"fr-FR\"},{\"@type\":\"WebPage\",\"@id\":\"https:\\\/\\\/firstteecanada.ca\\\/fr\\\/visages-de-first-tee-premier-depart-andrew-white-aide-le-programme-pilote-adoptez-une-ecole-de-first-tee-premier-depart-atlantique\\\/\",\"url\":\"https:\\\/\\\/firstteecanada.ca\\\/fr\\\/visages-de-first-tee-premier-depart-andrew-white-aide-le-programme-pilote-adoptez-une-ecole-de-first-tee-premier-depart-atlantique\\\/\",\"name\":\"Visages de First Tee \u2013 Premier d\u00e9part\u00a0: Andrew White aide le programme pilote \u00ab\u00a0Adoptez une \u00e9cole\u00a0\u00bb de First Tee \u2013 Premier d\u00e9part Atlantique - First Tee \u2013 Canada\",\"isPartOf\":{\"@id\":\"https:\\\/\\\/firstteecanada.ca\\\/fr\\\/#website\"},\"primaryImageOfPage\":{\"@id\":\"https:\\\/\\\/firstteecanada.ca\\\/fr\\\/visages-de-first-tee-premier-depart-andrew-white-aide-le-programme-pilote-adoptez-une-ecole-de-first-tee-premier-depart-atlantique\\\/#primaryimage\"},\"image\":{\"@id\":\"https:\\\/\\\/firstteecanada.ca\\\/fr\\\/visages-de-first-tee-premier-depart-andrew-white-aide-le-programme-pilote-adoptez-une-ecole-de-first-tee-premier-depart-atlantique\\\/#primaryimage\"},\"thumbnailUrl\":\"https:\\\/\\\/firstteecanada.ca\\\/wp-content\\\/uploads\\\/sites\\\/191\\\/2026\\\/06\\\/Andrew-White-FOFT-4x3-FR.jpg\",\"datePublished\":\"2026-06-01T22:04:27+00:00\",\"dateModified\":\"2026-06-25T18:09:08+00:00\",\"breadcrumb\":{\"@id\":\"https:\\\/\\\/firstteecanada.ca\\\/fr\\\/visages-de-first-tee-premier-depart-andrew-white-aide-le-programme-pilote-adoptez-une-ecole-de-first-tee-premier-depart-atlantique\\\/#breadcrumb\"},\"inLanguage\":\"fr-FR\",\"potentialAction\":[{\"@type\":\"ReadAction\",\"target\":[\"https:\\\/\\\/firstteecanada.ca\\\/fr\\\/visages-de-first-tee-premier-depart-andrew-white-aide-le-programme-pilote-adoptez-une-ecole-de-first-tee-premier-depart-atlantique\\\/\"]}]},{\"@type\":\"ImageObject\",\"inLanguage\":\"fr-FR\",\"@id\":\"https:\\\/\\\/firstteecanada.ca\\\/fr\\\/visages-de-first-tee-premier-depart-andrew-white-aide-le-programme-pilote-adoptez-une-ecole-de-first-tee-premier-depart-atlantique\\\/#primaryimage\",\"url\":\"https:\\\/\\\/firstteecanada.ca\\\/wp-content\\\/uploads\\\/sites\\\/191\\\/2026\\\/06\\\/Andrew-White-FOFT-4x3-FR.jpg\",\"contentUrl\":\"https:\\\/\\\/firstteecanada.ca\\\/wp-content\\\/uploads\\\/sites\\\/191\\\/2026\\\/06\\\/Andrew-White-FOFT-4x3-FR.jpg\",\"width\":1024,\"height\":768},{\"@type\":\"BreadcrumbList\",\"@id\":\"https:\\\/\\\/firstteecanada.ca\\\/fr\\\/visages-de-first-tee-premier-depart-andrew-white-aide-le-programme-pilote-adoptez-une-ecole-de-first-tee-premier-depart-atlantique\\\/#breadcrumb\",\"itemListElement\":[{\"@type\":\"ListItem\",\"position\":1,\"name\":\"Home\",\"item\":\"https:\\\/\\\/firstteecanada.ca\\\/fr\\\/\"},{\"@type\":\"ListItem\",\"position\":2,\"name\":\"Visages de First Tee \u2013 Premier d\u00e9part\u00a0: Andrew White aide le programme pilote \u00ab\u00a0Adoptez une \u00e9cole\u00a0\u00bb de First Tee \u2013 Premier d\u00e9part Atlantique\"}]},{\"@type\":\"WebSite\",\"@id\":\"https:\\\/\\\/firstteecanada.ca\\\/fr\\\/#website\",\"url\":\"https:\\\/\\\/firstteecanada.ca\\\/fr\\\/\",\"name\":\"First Tee \u2013 Canada\",\"description\":\"D\u00e9velopper les acteurs du changement\",\"publisher\":{\"@id\":\"https:\\\/\\\/firstteecanada.ca\\\/fr\\\/#organization\"},\"potentialAction\":[{\"@type\":\"SearchAction\",\"target\":{\"@type\":\"EntryPoint\",\"urlTemplate\":\"https:\\\/\\\/firstteecanada.ca\\\/fr\\\/?s={search_term_string}\"},\"query-input\":{\"@type\":\"PropertyValueSpecification\",\"valueRequired\":true,\"valueName\":\"search_term_string\"}}],\"inLanguage\":\"fr-FR\"},{\"@type\":\"Organization\",\"@id\":\"https:\\\/\\\/firstteecanada.ca\\\/fr\\\/#organization\",\"name\":\"First Tee \u2013 Canada\",\"url\":\"https:\\\/\\\/firstteecanada.ca\\\/fr\\\/\",\"logo\":{\"@type\":\"ImageObject\",\"inLanguage\":\"fr-FR\",\"@id\":\"https:\\\/\\\/firstteecanada.ca\\\/fr\\\/#\\\/schema\\\/logo\\\/image\\\/\",\"url\":\"https:\\\/\\\/firstteecanada.ca\\\/wp-content\\\/uploads\\\/sites\\\/191\\\/2025\\\/01\\\/RGB_Premier-Depart_Canada_Green-2.png\",\"contentUrl\":\"https:\\\/\\\/firstteecanada.ca\\\/wp-content\\\/uploads\\\/sites\\\/191\\\/2025\\\/01\\\/RGB_Premier-Depart_Canada_Green-2.png\",\"width\":4460,\"height\":2084,\"caption\":\"First Tee \u2013 Canada\"},\"image\":{\"@id\":\"https:\\\/\\\/firstteecanada.ca\\\/fr\\\/#\\\/schema\\\/logo\\\/image\\\/\"},\"sameAs\":[\"https:\\\/\\\/www.facebook.com\\\/GolfCanada\\\/\",\"https:\\\/\\\/x.com\\\/GolfCanada\",\"https:\\\/\\\/www.instagram.com\\\/thegolfcanada\\\/?hl=en\"]},{\"@type\":\"Person\",\"@id\":\"https:\\\/\\\/firstteecanada.ca\\\/fr\\\/#\\\/schema\\\/person\\\/cb328531d8f1fb5ee7249925c8fecc6a\",\"name\":\"khasmatali\",\"image\":{\"@type\":\"ImageObject\",\"inLanguage\":\"fr-FR\",\"@id\":\"https:\\\/\\\/secure.gravatar.com\\\/avatar\\\/fb7df890f9744018e0a6e96cf4c9df1e129a794ed4b149cf91ca9a1b603aafe6?s=96&d=mm&r=g\",\"url\":\"https:\\\/\\\/secure.gravatar.com\\\/avatar\\\/fb7df890f9744018e0a6e96cf4c9df1e129a794ed4b149cf91ca9a1b603aafe6?s=96&d=mm&r=g\",\"contentUrl\":\"https:\\\/\\\/secure.gravatar.com\\\/avatar\\\/fb7df890f9744018e0a6e96cf4c9df1e129a794ed4b149cf91ca9a1b603aafe6?s=96&d=mm&r=g\",\"caption\":\"khasmatali\"},\"url\":\"https:\\\/\\\/firstteecanada.ca\\\/fr\\\/author\\\/khasmatali\\\/\"}]}<\/script>\n<!-- \/ Yoast SEO plugin. -->","yoast_head_json":{"title":"Visages de First Tee \u2013 Premier d\u00e9part\u00a0: Andrew White aide le programme pilote \u00ab\u00a0Adoptez une \u00e9cole\u00a0\u00bb de First Tee \u2013 Premier d\u00e9part Atlantique - First Tee \u2013 Canada","robots":{"index":"index","follow":"follow","max-snippet":"max-snippet:-1","max-image-preview":"max-image-preview:large","max-video-preview":"max-video-preview:-1"},"canonical":"https:\/\/firstteecanada.ca\/fr\/visages-de-first-tee-premier-depart-andrew-white-aide-le-programme-pilote-adoptez-une-ecole-de-first-tee-premier-depart-atlantique\/","og_locale":"fr_FR","og_type":"article","og_title":"Visages de First Tee \u2013 Premier d\u00e9part\u00a0: Andrew White aide le programme pilote \u00ab\u00a0Adoptez une \u00e9cole\u00a0\u00bb de First Tee \u2013 Premier d\u00e9part Atlantique - First Tee \u2013 Canada","og_description":"KENTVILLE, N.-\u00c9. \u2014 Alors que la demande pour le programme scolaire First Tee \u2013 Premier d\u00e9part continuait d\u2019augmenter \u00e0 travers le Canada atlantique, un d\u00e9fi familier se posait \u00e0 First Tee \u2013 Premier d\u00e9part Atlantique&nbsp;: davantage d\u2019\u00e9coles souhaitaient y avoir acc\u00e8s que le financement disponible le permettait. Pour aider \u00e0 r\u00e9pondre \u00e0 cette demande, la [&hellip;]","og_url":"https:\/\/firstteecanada.ca\/fr\/visages-de-first-tee-premier-depart-andrew-white-aide-le-programme-pilote-adoptez-une-ecole-de-first-tee-premier-depart-atlantique\/","og_site_name":"First Tee \u2013 Canada","article_publisher":"https:\/\/www.facebook.com\/GolfCanada\/","article_published_time":"2026-06-01T22:04:27+00:00","article_modified_time":"2026-06-25T18:09:08+00:00","og_image":[{"width":1024,"height":768,"url":"https:\/\/firstteecanada.ca\/wp-content\/uploads\/sites\/191\/2026\/06\/Andrew-White-FOFT-4x3-FR.jpg","type":"image\/jpeg"}],"author":"khasmatali","twitter_card":"summary_large_image","twitter_creator":"@GolfCanada","twitter_site":"@GolfCanada","twitter_misc":{"\u00c9crit par":"khasmatali","Dur\u00e9e de lecture estim\u00e9e":"3 minutes"},"schema":{"@context":"https:\/\/schema.org","@graph":[{"@type":"Article","@id":"https:\/\/firstteecanada.ca\/fr\/visages-de-first-tee-premier-depart-andrew-white-aide-le-programme-pilote-adoptez-une-ecole-de-first-tee-premier-depart-atlantique\/#article","isPartOf":{"@id":"https:\/\/firstteecanada.ca\/fr\/visages-de-first-tee-premier-depart-andrew-white-aide-le-programme-pilote-adoptez-une-ecole-de-first-tee-premier-depart-atlantique\/"},"author":{"name":"khasmatali","@id":"https:\/\/firstteecanada.ca\/fr\/#\/schema\/person\/cb328531d8f1fb5ee7249925c8fecc6a"},"headline":"Visages de First Tee \u2013 Premier d\u00e9part\u00a0: Andrew White aide le programme pilote \u00ab\u00a0Adoptez une \u00e9cole\u00a0\u00bb de First Tee \u2013 Premier d\u00e9part Atlantique","datePublished":"2026-06-01T22:04:27+00:00","dateModified":"2026-06-25T18:09:08+00:00","mainEntityOfPage":{"@id":"https:\/\/firstteecanada.ca\/fr\/visages-de-first-tee-premier-depart-andrew-white-aide-le-programme-pilote-adoptez-une-ecole-de-first-tee-premier-depart-atlantique\/"},"wordCount":706,"publisher":{"@id":"https:\/\/firstteecanada.ca\/fr\/#organization"},"image":{"@id":"https:\/\/firstteecanada.ca\/fr\/visages-de-first-tee-premier-depart-andrew-white-aide-le-programme-pilote-adoptez-une-ecole-de-first-tee-premier-depart-atlantique\/#primaryimage"},"thumbnailUrl":"https:\/\/firstteecanada.ca\/wp-content\/uploads\/sites\/191\/2026\/06\/Andrew-White-FOFT-4x3-FR.jpg","keywords":["Adoptez une \u00e9cole","agent de d\u00e9veloppement","Andrew White","comp\u00e9tences de vie","confiance","\u00e9cole primaire Aldershot","First Tee \u2013 Premier d\u00e9part","First Tee \u2013 Premier d\u00e9part Atlantique","First Tee \u2013 Premier d\u00e9part Canada","Full Circle Insurance and Investment Solutions","Golf","Golf Canada","Golf junior communautaire RBC","int\u00e9grit\u00e9","Kentville","Kings County Academy","le Canada atlantique","Nouvelle-\u00c9cosse","opportunit\u00e9","pers\u00e9v\u00e9rance","programme scolaire First Tee \u2013 Premier d\u00e9part","Programmes de golf inclusifs","Steve Healy","Visages de First Tee \u2013 Premier d\u00e9part"],"articleSection":["Articles en vedette","Non classifi\u00e9(e)"],"inLanguage":"fr-FR"},{"@type":"WebPage","@id":"https:\/\/firstteecanada.ca\/fr\/visages-de-first-tee-premier-depart-andrew-white-aide-le-programme-pilote-adoptez-une-ecole-de-first-tee-premier-depart-atlantique\/","url":"https:\/\/firstteecanada.ca\/fr\/visages-de-first-tee-premier-depart-andrew-white-aide-le-programme-pilote-adoptez-une-ecole-de-first-tee-premier-depart-atlantique\/","name":"Visages de First Tee \u2013 Premier d\u00e9part\u00a0: Andrew White aide le programme pilote \u00ab\u00a0Adoptez une \u00e9cole\u00a0\u00bb de First Tee \u2013 Premier d\u00e9part Atlantique - First Tee \u2013 Canada","isPartOf":{"@id":"https:\/\/firstteecanada.ca\/fr\/#website"},"primaryImageOfPage":{"@id":"https:\/\/firstteecanada.ca\/fr\/visages-de-first-tee-premier-depart-andrew-white-aide-le-programme-pilote-adoptez-une-ecole-de-first-tee-premier-depart-atlantique\/#primaryimage"},"image":{"@id":"https:\/\/firstteecanada.ca\/fr\/visages-de-first-tee-premier-depart-andrew-white-aide-le-programme-pilote-adoptez-une-ecole-de-first-tee-premier-depart-atlantique\/#primaryimage"},"thumbnailUrl":"https:\/\/firstteecanada.ca\/wp-content\/uploads\/sites\/191\/2026\/06\/Andrew-White-FOFT-4x3-FR.jpg","datePublished":"2026-06-01T22:04:27+00:00","dateModified":"2026-06-25T18:09:08+00:00","breadcrumb":{"@id":"https:\/\/firstteecanada.ca\/fr\/visages-de-first-tee-premier-depart-andrew-white-aide-le-programme-pilote-adoptez-une-ecole-de-first-tee-premier-depart-atlantique\/#breadcrumb"},"inLanguage":"fr-FR","potentialAction":[{"@type":"ReadAction","target":["https:\/\/firstteecanada.ca\/fr\/visages-de-first-tee-premier-depart-andrew-white-aide-le-programme-pilote-adoptez-une-ecole-de-first-tee-premier-depart-atlantique\/"]}]},{"@type":"ImageObject","inLanguage":"fr-FR","@id":"https:\/\/firstteecanada.ca\/fr\/visages-de-first-tee-premier-depart-andrew-white-aide-le-programme-pilote-adoptez-une-ecole-de-first-tee-premier-depart-atlantique\/#primaryimage","url":"https:\/\/firstteecanada.ca\/wp-content\/uploads\/sites\/191\/2026\/06\/Andrew-White-FOFT-4x3-FR.jpg","contentUrl":"https:\/\/firstteecanada.ca\/wp-content\/uploads\/sites\/191\/2026\/06\/Andrew-White-FOFT-4x3-FR.jpg","width":1024,"height":768},{"@type":"BreadcrumbList","@id":"https:\/\/firstteecanada.ca\/fr\/visages-de-first-tee-premier-depart-andrew-white-aide-le-programme-pilote-adoptez-une-ecole-de-first-tee-premier-depart-atlantique\/#breadcrumb","itemListElement":[{"@type":"ListItem","position":1,"name":"Home","item":"https:\/\/firstteecanada.ca\/fr\/"},{"@type":"ListItem","position":2,"name":"Visages de First Tee \u2013 Premier d\u00e9part\u00a0: Andrew White aide le programme pilote \u00ab\u00a0Adoptez une \u00e9cole\u00a0\u00bb de First Tee \u2013 Premier d\u00e9part Atlantique"}]},{"@type":"WebSite","@id":"https:\/\/firstteecanada.ca\/fr\/#website","url":"https:\/\/firstteecanada.ca\/fr\/","name":"First Tee \u2013 Canada","description":"D\u00e9velopper les acteurs du changement","publisher":{"@id":"https:\/\/firstteecanada.ca\/fr\/#organization"},"potentialAction":[{"@type":"SearchAction","target":{"@type":"EntryPoint","urlTemplate":"https:\/\/firstteecanada.ca\/fr\/?s={search_term_string}"},"query-input":{"@type":"PropertyValueSpecification","valueRequired":true,"valueName":"search_term_string"}}],"inLanguage":"fr-FR"},{"@type":"Organization","@id":"https:\/\/firstteecanada.ca\/fr\/#organization","name":"First Tee \u2013 Canada","url":"https:\/\/firstteecanada.ca\/fr\/","logo":{"@type":"ImageObject","inLanguage":"fr-FR","@id":"https:\/\/firstteecanada.ca\/fr\/#\/schema\/logo\/image\/","url":"https:\/\/firstteecanada.ca\/wp-content\/uploads\/sites\/191\/2025\/01\/RGB_Premier-Depart_Canada_Green-2.png","contentUrl":"https:\/\/firstteecanada.ca\/wp-content\/uploads\/sites\/191\/2025\/01\/RGB_Premier-Depart_Canada_Green-2.png","width":4460,"height":2084,"caption":"First Tee \u2013 Canada"},"image":{"@id":"https:\/\/firstteecanada.ca\/fr\/#\/schema\/logo\/image\/"},"sameAs":["https:\/\/www.facebook.com\/GolfCanada\/","https:\/\/x.com\/GolfCanada","https:\/\/www.instagram.com\/thegolfcanada\/?hl=en"]},{"@type":"Person","@id":"https:\/\/firstteecanada.ca\/fr\/#\/schema\/person\/cb328531d8f1fb5ee7249925c8fecc6a","name":"khasmatali","image":{"@type":"ImageObject","inLanguage":"fr-FR","@id":"https:\/\/secure.gravatar.com\/avatar\/fb7df890f9744018e0a6e96cf4c9df1e129a794ed4b149cf91ca9a1b603aafe6?s=96&d=mm&r=g","url":"https:\/\/secure.gravatar.com\/avatar\/fb7df890f9744018e0a6e96cf4c9df1e129a794ed4b149cf91ca9a1b603aafe6?s=96&d=mm&r=g","contentUrl":"https:\/\/secure.gravatar.com\/avatar\/fb7df890f9744018e0a6e96cf4c9df1e129a794ed4b149cf91ca9a1b603aafe6?s=96&d=mm&r=g","caption":"khasmatali"},"url":"https:\/\/firstteecanada.ca\/fr\/author\/khasmatali\/"}]}},"_links":{"self":[{"href":"https:\/\/firstteecanada.ca\/fr\/wp-json\/wp\/v2\/posts\/8312","targetHints":{"allow":["GET"]}}],"collection":[{"href":"https:\/\/firstteecanada.ca\/fr\/wp-json\/wp\/v2\/posts"}],"about":[{"href":"https:\/\/firstteecanada.ca\/fr\/wp-json\/wp\/v2\/types\/post"}],"author":[{"embeddable":true,"href":"https:\/\/firstteecanada.ca\/fr\/wp-json\/wp\/v2\/users\/6073"}],"replies":[{"embeddable":true,"href":"https:\/\/firstteecanada.ca\/fr\/wp-json\/wp\/v2\/comments?post=8312"}],"version-history":[{"count":0,"href":"https:\/\/firstteecanada.ca\/fr\/wp-json\/wp\/v2\/posts\/8312\/revisions"}],"wp:featuredmedia":[{"embeddable":true,"href":"https:\/\/firstteecanada.ca\/fr\/wp-json\/wp\/v2\/media\/8313"}],"wp:attachment":[{"href":"https:\/\/firstteecanada.ca\/fr\/wp-json\/wp\/v2\/media?parent=8312"}],"wp:term":[{"taxonomy":"category","embeddable":true,"href":"https:\/\/firstteecanada.ca\/fr\/wp-json\/wp\/v2\/categories?post=8312"},{"taxonomy":"post_tag","embeddable":true,"href":"https:\/\/firstteecanada.ca\/fr\/wp-json\/wp\/v2\/tags?post=8312"}],"curies":[{"name":"wp","href":"https:\/\/api.w.org\/{rel}","templated":true}]}}]